{"id":891,"date":"2013-06-03T07:08:39","date_gmt":"2013-06-03T07:08:39","guid":{"rendered":"http:\/\/ibr.bs.katowice.pl\/?p=891"},"modified":"2013-09-17T12:31:59","modified_gmt":"2013-09-17T12:31:59","slug":"zgloszenie-na-konferencje-region-w-panstwie-panstwo-w-regionie","status":"publish","type":"post","link":"https:\/\/ibr.bs.katowice.pl\/?p=891","title":{"rendered":"Zg\u0142oszenie na konferencj\u0119 &#8222;Region w pa\u0144stwie \u2013 pa\u0144stwo w regionie&#8221;"},"content":{"rendered":"<p style=\"text-align: justify;\">Instytut Bada\u0144 Regionalnych Biblioteki \u015al\u0105skiej wraz z Instytutem Historii Uniwersytetu \u015al\u0105skiego w Katowicach, Muzeum w Rybniku, Archiwum Pa\u0144stwowe w Katowicach oraz Lehrstuhl f\u00fcr Wirtschafts- und Sozialgeschichte Universit\u00e4t Regensburg organizuj\u0105 w dniach 29\u201330 maja 2014 r. w Katowicach i Rybniku konferencj\u0119 po\u015bwi\u0119con\u0105 G\u00f3rnemu \u015al\u0105skowi oraz miejscu, jakie zajmowa\u0142 w pa\u0144stwach Hohenzollern\u00f3w i Habsburg\u00f3w w latach 1742\u20131918. G\u0142\u00f3wny nacisk zostanie po\u0142o\u017cony na wskazanie podobie\u0144stw i r\u00f3\u017cnic mi\u0119dzy G\u00f3rnym \u015al\u0105skiem a innymi obszarami\u00a0 monarchii Hohenzollern\u00f3w oraz Habsburg\u00f3w, a tak\u017ce na wzajemnym wp\u0142ywie pa\u0144stw i badanego terytorium w aspekcie ich rozwoju politycznego, ekonomicznego, spo\u0142ecznego oraz kulturalnego.<\/p>\n<p><a href=\"https:\/\/ibr.bs.katowice.pl\/wp-content\/uploads\/2013\/06\/zgloszenie_D.doc\">Karta zg\u0142oszeniowa<\/a><\/p>\n<p><a href=\"https:\/\/ibr.bs.katowice.pl\/wp-content\/uploads\/2013\/06\/zgloszenie_EN.doc\">Registration form<\/a><\/p>\n<p style=\"text-align: justify;\"><a href=\"https:\/\/ibr.bs.katowice.pl\/wp-content\/uploads\/2013\/06\/zgloszenie_PL.doc\">Anmeldeformular<\/a><br \/>\nZg\u0142oszenia referat\u00f3w na za\u0142\u0105czonych powy\u017cej kartach prosimy nadsy\u0142a\u0107 do<span style=\"text-decoration: underline;\"> 31 pa\u017adziernika 2013 roku<\/span> na podane poni\u017cej adresy sekretarzy konferencji:<\/p>\n<p>&nbsp;<\/p>\n<table border=\"0\" align=\"center\">\n<tbody>\n<tr>\n<td>dr Barbara Kalinowska-W\u00f3jcik<br \/>\nUniwersytet \u015al\u0105ski w Katowicach<br \/>\nInstytut Historii<br \/>\nUl. Bankowa 11<br \/>\n40-007 Katowice<br \/>\n<a href=\"mailto:barbara.kalinowska-wojcik@us.edu.pl\">barbara.kalinowska-wojcik@us.edu.pl<\/a><\/td>\n<td>dr Dawid Keller<br \/>\nMuzeum w Rybniku<br \/>\nRynek 18<br \/>\n44-200 Rybnik<br \/>\ntel. 32 4327466<br \/>\n<a href=\"mailto:keller@muzeum.rybnik.pl\">keller@muzeum.rybnik.pl<\/a><\/td>\n<\/tr>\n<\/tbody>\n<\/table>\n<p>&nbsp;<\/p>\n<p>Szczeg\u00f3\u0142owe informacje oraz zaproszenia:<\/p>\n<p><a href=\"https:\/\/ibr.bs.katowice.pl\/wp-content\/uploads\/2013\/06\/zaproszenie-PL.pdf\">Zaproszenie<\/a><\/p>\n<p><a href=\"https:\/\/ibr.bs.katowice.pl\/wp-content\/uploads\/2013\/06\/zaproszenie-EN.pdf\">Invitation<\/a><\/p>\n<p><a href=\"https:\/\/ibr.bs.katowice.pl\/wp-content\/uploads\/2013\/06\/zaproszenie-D.pdf\">Einladung<\/a><\/p>\n","protected":false},"excerpt":{"rendered":"<p>Instytut Bada\u0144 Regionalnych Biblioteki \u015al\u0105skiej wraz z Instytutem Historii Uniwersytetu \u015al\u0105skiego w Katowicach, Muzeum w Rybniku, Archiwum Pa\u0144stwowe w Katowicach oraz Lehrstuhl f\u00fcr Wirtschafts- und Sozialgeschichte Universit\u00e4t Regensburg organizuj\u0105 w dniach 29\u201330 maja 2014 r. w Katowicach i Rybniku konferencj\u0119 po\u015bwi\u0119con\u0105 G\u00f3rnemu \u015al\u0105skowi oraz miejscu, jakie zajmowa\u0142 w pa\u0144stwach Hohenzollern\u00f3w i Habsburg\u00f3w w latach 1742\u20131918.<\/p>\n<div class=\"read-more-wrapper\"><a class=\"read-more\" href=\"https:\/\/ibr.bs.katowice.pl\/?p=891\" title=\"Read More\"> <span class=\"button \">Read More<\/span><\/a><\/div>\n","protected":false},"author":2,"featured_media":0,"comment_status":"closed","ping_status":"open","sticky":false,"template":"","format":"standard","meta":{"footnotes":""},"categories":[1],"tags":[],"class_list":["post-891","post","type-post","status-publish","format-standard","hentry","category-aktu"],"_links":{"self":[{"href":"https:\/\/ibr.bs.katowice.pl\/index.php?rest_route=\/wp\/v2\/posts\/891","targetHints":{"allow":["GET"]}}],"collection":[{"href":"https:\/\/ibr.bs.katowice.pl\/index.php?rest_route=\/wp\/v2\/posts"}],"about":[{"href":"https:\/\/ibr.bs.katowice.pl\/index.php?rest_route=\/wp\/v2\/types\/post"}],"author":[{"embeddable":true,"href":"https:\/\/ibr.bs.katowice.pl\/index.php?rest_route=\/wp\/v2\/users\/2"}],"replies":[{"embeddable":true,"href":"https:\/\/ibr.bs.katowice.pl\/index.php?rest_route=%2Fwp%2Fv2%2Fcomments&post=891"}],"version-history":[{"count":0,"href":"https:\/\/ibr.bs.katowice.pl\/index.php?rest_route=\/wp\/v2\/posts\/891\/revisions"}],"wp:attachment":[{"href":"https:\/\/ibr.bs.katowice.pl\/index.php?rest_route=%2Fwp%2Fv2%2Fmedia&parent=891"}],"wp:term":[{"taxonomy":"category","embeddable":true,"href":"https:\/\/ibr.bs.katowice.pl\/index.php?rest_route=%2Fwp%2Fv2%2Fcategories&post=891"},{"taxonomy":"post_tag","embeddable":true,"href":"https:\/\/ibr.bs.katowice.pl\/index.php?rest_route=%2Fwp%2Fv2%2Ftags&post=891"}],"curies":[{"name":"wp","href":"https:\/\/api.w.org\/{rel}","templated":true}]}}