{"id":847,"date":"2013-04-02T10:21:31","date_gmt":"2013-04-02T10:21:31","guid":{"rendered":"http:\/\/ibr.bs.katowice.pl\/?p=847"},"modified":"2013-04-02T10:23:13","modified_gmt":"2013-04-02T10:23:13","slug":"filmoteka-slaskich-portretow-mowionych","status":"publish","type":"post","link":"https:\/\/ibr.bs.katowice.pl\/?p=847","title":{"rendered":"Filmoteka \u015al\u0105skich Portret\u00f3w M\u00f3wionych"},"content":{"rendered":"<p>Biblioteka \u015al\u0105ska realizuje pilota\u017cowy projekt \u2013 Filmoteka \u015al\u0105skich Portret\u00f3w M\u00f3wionych. W ci\u0105gu najbli\u017cszych tygodni kolekcja zostanie w\u0142\u0105czona do zasob\u00f3w Biblioteki \u015al\u0105skiej i b\u0119dzie udost\u0119pniana czytelnikom.<\/p>\n<p>Celem nagra\u0144 przygotowywanych przy wsp\u00f3\u0142pracy Instytutu Bada\u0144 Regionalnych Biblioteki \u015al\u0105skiej jest utworzenie \u017cywego \u2013 atrakcyjnego dla badaczy, historyk\u00f3w, pasjonat\u00f3w, nauczycieli \u2013 przekazu, ukazuj\u0105cego histori\u0119 regionu oczami jego mieszka\u0144ca \u2013 uczestnika wa\u017cnych wydarze\u0144, tw\u00f3rcy, polityka, sportowca, spo\u0142ecznika, artysty itd. Bohaterami nagra\u0144 s\u0105 osoby, kt\u00f3re w swoim \u017cyciu wielokrotnie musia\u0142y dokonywa\u0107 wa\u017cnych wybor\u00f3w, wplataj\u0105cych\u00a0 si\u0119 w tkank\u0119 wielkiej i ma\u0142ej \u015bl\u0105skiej historii.<\/p>\n<p>Wszystkim osobom zainteresowanym projektem, stowarzyszeniom i organizacjom, badaczom i pasjonatom lokalnej historii naszego regionu proponujemy wsp\u00f3\u0142udzia\u0142 w tworzeniu Filmoteki. Na adres <a href=\"mailto:filmoteka@bs.katowice.pl\">filmoteka@bs.katowice.pl<\/a> mo\u017cna przesy\u0142a\u0107 do nas propozycje os\u00f3b, kt\u00f3rych portrety sta\u0142yby si\u0119 cz\u0119\u015bci\u0105 kolekcji F\u015aPM.<\/p>\n<p>&nbsp;<\/p>\n<p>Alojzy Lysko (fragment nagrania)<br \/>\n<object width=\"512\" height=\"288\" classid=\"clsid:d27cdb6e-ae6d-11cf-96b8-444553540000\" codebase=\"http:\/\/download.macromedia.com\/pub\/shockwave\/cabs\/flash\/swflash.cab#version=6,0,40,0\"><param name=\"src\" value=\"http:\/\/www.bs.katowice.pl\/swf\/player.swf\" \/><param name=\"allowscriptaccess\" value=\"always\" \/><param name=\"allowfullscreen\" value=\"true\" \/><param name=\"flashvars\" value=\"&amp;controlbar=over&amp;file=http%3A%2F%2Fwww.bs.katowice.pl%2Fvideos%2Ffilmoteka_alojzy_lysko.flv&amp;plugins=viral-2d\" \/><embed width=\"512\" height=\"288\" type=\"application\/x-shockwave-flash\" src=\"http:\/\/www.bs.katowice.pl\/swf\/player.swf\" allowscriptaccess=\"always\" allowfullscreen=\"true\" flashvars=\"&amp;controlbar=over&amp;file=http%3A%2F%2Fwww.bs.katowice.pl%2Fvideos%2Ffilmoteka_alojzy_lysko.flv&amp;plugins=viral-2d\" \/><\/object><\/p>\n<p>&nbsp;<\/p>\n","protected":false},"excerpt":{"rendered":"<p>Biblioteka \u015al\u0105ska realizuje pilota\u017cowy projekt \u2013 Filmoteka \u015al\u0105skich Portret\u00f3w M\u00f3wionych. W ci\u0105gu najbli\u017cszych tygodni kolekcja zostanie w\u0142\u0105czona do zasob\u00f3w Biblioteki \u015al\u0105skiej i b\u0119dzie udost\u0119pniana czytelnikom. Celem nagra\u0144 przygotowywanych przy wsp\u00f3\u0142pracy Instytutu Bada\u0144 Regionalnych Biblioteki \u015al\u0105skiej jest utworzenie \u017cywego \u2013 atrakcyjnego dla badaczy, historyk\u00f3w, pasjonat\u00f3w, nauczycieli \u2013 przekazu, ukazuj\u0105cego histori\u0119 regionu oczami jego mieszka\u0144ca \u2013 uczestnika<\/p>\n<div class=\"read-more-wrapper\"><a class=\"read-more\" href=\"https:\/\/ibr.bs.katowice.pl\/?p=847\" title=\"Read More\"> <span class=\"button \">Read More<\/span><\/a><\/div>\n","protected":false},"author":2,"featured_media":0,"comment_status":"closed","ping_status":"open","sticky":false,"template":"","format":"standard","meta":{"footnotes":""},"categories":[1],"tags":[40],"class_list":["post-847","post","type-post","status-publish","format-standard","hentry","category-aktu","tag-filmoteka-slaskich-portretow-mowionych"],"_links":{"self":[{"href":"https:\/\/ibr.bs.katowice.pl\/index.php?rest_route=\/wp\/v2\/posts\/847","targetHints":{"allow":["GET"]}}],"collection":[{"href":"https:\/\/ibr.bs.katowice.pl\/index.php?rest_route=\/wp\/v2\/posts"}],"about":[{"href":"https:\/\/ibr.bs.katowice.pl\/index.php?rest_route=\/wp\/v2\/types\/post"}],"author":[{"embeddable":true,"href":"https:\/\/ibr.bs.katowice.pl\/index.php?rest_route=\/wp\/v2\/users\/2"}],"replies":[{"embeddable":true,"href":"https:\/\/ibr.bs.katowice.pl\/index.php?rest_route=%2Fwp%2Fv2%2Fcomments&post=847"}],"version-history":[{"count":0,"href":"https:\/\/ibr.bs.katowice.pl\/index.php?rest_route=\/wp\/v2\/posts\/847\/revisions"}],"wp:attachment":[{"href":"https:\/\/ibr.bs.katowice.pl\/index.php?rest_route=%2Fwp%2Fv2%2Fmedia&parent=847"}],"wp:term":[{"taxonomy":"category","embeddable":true,"href":"https:\/\/ibr.bs.katowice.pl\/index.php?rest_route=%2Fwp%2Fv2%2Fcategories&post=847"},{"taxonomy":"post_tag","embeddable":true,"href":"https:\/\/ibr.bs.katowice.pl\/index.php?rest_route=%2Fwp%2Fv2%2Ftags&post=847"}],"curies":[{"name":"wp","href":"https:\/\/api.w.org\/{rel}","templated":true}]}}