{"id":828,"date":"2013-03-01T11:59:23","date_gmt":"2013-03-01T11:59:23","guid":{"rendered":"http:\/\/ibr.bs.katowice.pl\/?p=828"},"modified":"2013-06-12T06:27:52","modified_gmt":"2013-06-12T06:27:52","slug":"wywiad-w-schlesisches-wochenblatt","status":"publish","type":"post","link":"https:\/\/ibr.bs.katowice.pl\/?p=828","title":{"rendered":"Wywiad w &#8222;Schlesisches Wochenblatt&#8221;"},"content":{"rendered":"<p>Wywiad z Marcinem Wiatrem &#8211; germanist\u0105, historykiem, autorem analizy podr\u0119cznikowej dot. obecno\u015bci G\u00f3rnego \u015al\u0105ska w polskich podr\u0119cznikach, pracownikiem Instytutu Mi\u0119dzynarodowych Bada\u0144 nad Podr\u0119cznikami Szkolnymi im. Georga Eckerta w Brunszwiku &#8211; zosta\u0142 opublikowany w\u00a0&#8222;Schlesisches Wochenblatt&#8221;.<\/p>\n<p>Zach\u0119camy do zapoznania si\u0119 z interesuj\u0105cymi wypowiedziami!\u00a0 <a href=\"https:\/\/ibr.bs.katowice.pl\/wp-content\/uploads\/2013\/03\/WPL_1089_01_03_10_11-1.pdf\">Przeczytaj artyku\u0142<\/a><\/p>\n<p>&nbsp;<\/p>\n","protected":false},"excerpt":{"rendered":"<p>Wywiad z Marcinem Wiatrem &#8211; germanist\u0105, historykiem, autorem analizy podr\u0119cznikowej dot. obecno\u015bci G\u00f3rnego \u015al\u0105ska w polskich podr\u0119cznikach, pracownikiem Instytutu Mi\u0119dzynarodowych Bada\u0144 nad Podr\u0119cznikami Szkolnymi im. Georga Eckerta w Brunszwiku &#8211; zosta\u0142 opublikowany w\u00a0&#8222;Schlesisches Wochenblatt&#8221;. Zach\u0119camy do zapoznania si\u0119 z interesuj\u0105cymi wypowiedziami!\u00a0 Przeczytaj artyku\u0142 &nbsp;<\/p>\n<div class=\"read-more-wrapper\"><a class=\"read-more\" href=\"https:\/\/ibr.bs.katowice.pl\/?p=828\" title=\"Read More\"> <span class=\"button \">Read More<\/span><\/a><\/div>\n","protected":false},"author":2,"featured_media":831,"comment_status":"closed","ping_status":"open","sticky":false,"template":"","format":"standard","meta":{"footnotes":""},"categories":[1,49],"tags":[29,37],"class_list":["post-828","post","type-post","status-publish","format-standard","has-post-thumbnail","hentry","category-aktu","category-arch","tag-edukacja-regionalna","tag-marcin-wiatr"],"_links":{"self":[{"href":"https:\/\/ibr.bs.katowice.pl\/index.php?rest_route=\/wp\/v2\/posts\/828","targetHints":{"allow":["GET"]}}],"collection":[{"href":"https:\/\/ibr.bs.katowice.pl\/index.php?rest_route=\/wp\/v2\/posts"}],"about":[{"href":"https:\/\/ibr.bs.katowice.pl\/index.php?rest_route=\/wp\/v2\/types\/post"}],"author":[{"embeddable":true,"href":"https:\/\/ibr.bs.katowice.pl\/index.php?rest_route=\/wp\/v2\/users\/2"}],"replies":[{"embeddable":true,"href":"https:\/\/ibr.bs.katowice.pl\/index.php?rest_route=%2Fwp%2Fv2%2Fcomments&post=828"}],"version-history":[{"count":0,"href":"https:\/\/ibr.bs.katowice.pl\/index.php?rest_route=\/wp\/v2\/posts\/828\/revisions"}],"wp:featuredmedia":[{"embeddable":true,"href":"https:\/\/ibr.bs.katowice.pl\/index.php?rest_route=\/wp\/v2\/media\/831"}],"wp:attachment":[{"href":"https:\/\/ibr.bs.katowice.pl\/index.php?rest_route=%2Fwp%2Fv2%2Fmedia&parent=828"}],"wp:term":[{"taxonomy":"category","embeddable":true,"href":"https:\/\/ibr.bs.katowice.pl\/index.php?rest_route=%2Fwp%2Fv2%2Fcategories&post=828"},{"taxonomy":"post_tag","embeddable":true,"href":"https:\/\/ibr.bs.katowice.pl\/index.php?rest_route=%2Fwp%2Fv2%2Ftags&post=828"}],"curies":[{"name":"wp","href":"https:\/\/api.w.org\/{rel}","templated":true}]}}