{"id":661,"date":"2012-11-20T12:49:20","date_gmt":"2012-11-20T12:49:20","guid":{"rendered":"http:\/\/ibr.bs.katowice.pl\/?p=661"},"modified":"2012-11-22T13:11:32","modified_gmt":"2012-11-22T13:11:32","slug":"po-konferencji-jezyk-niemiecki-w-regionie-niewykorzystana-szansa","status":"publish","type":"post","link":"https:\/\/ibr.bs.katowice.pl\/?p=661","title":{"rendered":"Po konferencji \u201eJ\u0119zyk niemiecki w regionie \u2013 niewykorzystana szansa?\u201d"},"content":{"rendered":"<p>14 listopada 2012 roku odby\u0142a si\u0119 konferencja &#8222;J\u0119zyk niemiecki w regionie &#8211; niewykorzystana szansa?&#8221; organizowana wsp\u00f3lnie przez Dom Wsp\u00f3\u0142pracy Polsko-Niemieckiej i Instytut Bada\u0144 Regionalnych Biblioteki \u015al\u0105skiej. Wydarzenie obj\u0119te zosta\u0142o patronatem honorowym Marsza\u0142ka Wojew\u00f3dztwa \u015al\u0105skiego.<\/p>\n<p>Debat\u0119 dr hab. Magdaleny Olpi\u0144skiej-Szkie\u0142ko z Waldemarem Gaid\u0105 poprowadzi\u0142 Leszek Jodli\u0144ski, dyrektor Muzeum \u015al\u0105skiego w Katowicach. Wywo\u0142a\u0142a ona \u017cyw\u0105 reakcj\u0119 uczestnik\u00f3w Konferencji w postaci wielu pyta\u0144 oraz refleksji. Po przerwie pani Beata Wo\u017aniak zaprezentowa\u0142a film promuj\u0105cy polsko-niemieck\u0105 dwuj\u0119zyczno\u015b\u0107<a href=\"http:\/\/www.youtube.com\/watch?feature=player_detailpage&amp;v=hX0Je6FIKhw\">: Dwa j\u0119zyki, podw\u00f3jna szansa.<\/a><\/p>\n<p>Ostatni\u0105 cz\u0119\u015b\u0107 Konferencji stanowi\u0142a debata moderowana przez dra hab. Roberta Rducha, a udzia\u0142 wzi\u0119li: dr Katarzyna Michalak, dr Tomasz Wicherkiewicz, Joanna Sobotnik z Kuratorium O\u015bwiaty\u00a0 w Katowicach, Bruno Kosak &#8211; prezes Niemieckiego Towarzystwa O\u015bwiatowego oraz Ewelina Klaka &#8211; przewodnicz\u0105ca Ko\u0142a DFK w P\u0142awniowicach.<\/p>\n<p>Wi\u0119cej informacji na temat wspierania dwuj\u0119zyczno\u015bci (m.in. <a href=\"http:\/\/www.vdg.pl\/attachments\/article\/41\/deklaracja%20o%20obj%C4%99cie%20ucznia%20nauczaniem%20j%C4%99zyka%20mniejszo%C5%9Bci.pdf\">Deklaracj\u0119 o obj\u0119cie ucznia nauczaniem j\u0119zyka mniejszo\u015bci) <\/a>mo\u017cna uzyska\u0107 na stronie internetowej Zwi\u0105zku Niemieckich Stowarzysze\u0144 Spo\u0142eczno-Kulturalnych w Polsce: <a href=\"http:\/\/www.vdg.pl\/pl\/article\/41-wspieranie-dwujezycznosci\" target=\"_blank\">http:\/\/www.vdg.pl\/pl\/article\/41-wspieranie-dwujezycznosci<\/a> oraz na stronie <a href=\"http:\/\/www.bilingua.haus.pl\/\" target=\"_blank\">http:\/\/www.bilingua.haus.pl\/<\/a><\/p>\n\n\t\t<style type=\"text\/css\">\n\t\t\t#gallery-1 {\n\t\t\t\tmargin: auto;\n\t\t\t}\n\t\t\t#gallery-1 .gallery-item {\n\t\t\t\tfloat: left;\n\t\t\t\tmargin-top: 10px;\n\t\t\t\ttext-align: center;\n\t\t\t\twidth: 14%;\n\t\t\t}\n\t\t\t#gallery-1 img {\n\t\t\t\tborder: 2px solid #cfcfcf;\n\t\t\t}\n\t\t\t#gallery-1 .gallery-caption {\n\t\t\t\tmargin-left: 0;\n\t\t\t}\n\t\t\t\/* see gallery_shortcode() in wp-includes\/media.php *\/\n\t\t<\/style>\n\t\t<div id='gallery-1' class='gallery galleryid-661 gallery-columns-7 gallery-size-thumbnail'><dl class='gallery-item'>\n\t\t\t<dt class='gallery-icon portrait'>\n\t\t\t\t<a class=\"swipebox\" href='https:\/\/ibr.bs.katowice.pl\/wp-content\/uploads\/2012\/11\/DSC_00091.jpg'><img loading=\"lazy\" decoding=\"async\" width=\"150\" height=\"150\" src=\"https:\/\/ibr.bs.katowice.pl\/wp-content\/uploads\/2012\/11\/DSC_00091-150x150.jpg\" class=\"attachment-thumbnail size-thumbnail\" alt=\"\" \/><\/a>\n\t\t\t<\/dt><\/dl><dl class='gallery-item'>\n\t\t\t<dt class='gallery-icon landscape'>\n\t\t\t\t<a class=\"swipebox\" href='https:\/\/ibr.bs.katowice.pl\/wp-content\/uploads\/2012\/11\/DSC_00141.jpg'><img loading=\"lazy\" decoding=\"async\" width=\"150\" height=\"150\" src=\"https:\/\/ibr.bs.katowice.pl\/wp-content\/uploads\/2012\/11\/DSC_00141-150x150.jpg\" class=\"attachment-thumbnail size-thumbnail\" alt=\"\" \/><\/a>\n\t\t\t<\/dt><\/dl><dl class='gallery-item'>\n\t\t\t<dt class='gallery-icon landscape'>\n\t\t\t\t<a class=\"swipebox\" href='https:\/\/ibr.bs.katowice.pl\/wp-content\/uploads\/2012\/11\/DSC_00211.jpg'><img loading=\"lazy\" decoding=\"async\" width=\"150\" height=\"150\" src=\"https:\/\/ibr.bs.katowice.pl\/wp-content\/uploads\/2012\/11\/DSC_00211-150x150.jpg\" class=\"attachment-thumbnail size-thumbnail\" alt=\"\" \/><\/a>\n\t\t\t<\/dt><\/dl><dl class='gallery-item'>\n\t\t\t<dt class='gallery-icon portrait'>\n\t\t\t\t<a class=\"swipebox\" href='https:\/\/ibr.bs.katowice.pl\/wp-content\/uploads\/2012\/11\/DSC_00461.jpg'><img loading=\"lazy\" decoding=\"async\" width=\"150\" height=\"150\" src=\"https:\/\/ibr.bs.katowice.pl\/wp-content\/uploads\/2012\/11\/DSC_00461-150x150.jpg\" class=\"attachment-thumbnail size-thumbnail\" alt=\"\" \/><\/a>\n\t\t\t<\/dt><\/dl><dl class='gallery-item'>\n\t\t\t<dt class='gallery-icon landscape'>\n\t\t\t\t<a class=\"swipebox\" href='https:\/\/ibr.bs.katowice.pl\/wp-content\/uploads\/2012\/11\/e181.jpg'><img loading=\"lazy\" decoding=\"async\" width=\"150\" height=\"150\" src=\"https:\/\/ibr.bs.katowice.pl\/wp-content\/uploads\/2012\/11\/e181-150x150.jpg\" class=\"attachment-thumbnail size-thumbnail\" alt=\"\" \/><\/a>\n\t\t\t<\/dt><\/dl><dl class='gallery-item'>\n\t\t\t<dt class='gallery-icon portrait'>\n\t\t\t\t<a class=\"swipebox\" href='https:\/\/ibr.bs.katowice.pl\/wp-content\/uploads\/2012\/11\/e461.jpg'><img loading=\"lazy\" decoding=\"async\" width=\"150\" height=\"150\" src=\"https:\/\/ibr.bs.katowice.pl\/wp-content\/uploads\/2012\/11\/e461-150x150.jpg\" class=\"attachment-thumbnail size-thumbnail\" alt=\"\" \/><\/a>\n\t\t\t<\/dt><\/dl><dl class='gallery-item'>\n\t\t\t<dt class='gallery-icon landscape'>\n\t\t\t\t<a class=\"swipebox\" href='https:\/\/ibr.bs.katowice.pl\/wp-content\/uploads\/2012\/11\/f07.jpg'><img loading=\"lazy\" decoding=\"async\" width=\"150\" height=\"150\" src=\"https:\/\/ibr.bs.katowice.pl\/wp-content\/uploads\/2012\/11\/f07-150x150.jpg\" class=\"attachment-thumbnail size-thumbnail\" alt=\"\" \/><\/a>\n\t\t\t<\/dt><\/dl><br style=\"clear: both\" \/>\n\t\t<\/div>\n\n<p>&nbsp;<\/p>\n","protected":false},"excerpt":{"rendered":"<p>14 listopada 2012 roku odby\u0142a si\u0119 konferencja &#8222;J\u0119zyk niemiecki w regionie &#8211; niewykorzystana szansa?&#8221; organizowana wsp\u00f3lnie przez Dom Wsp\u00f3\u0142pracy Polsko-Niemieckiej i Instytut Bada\u0144 Regionalnych Biblioteki \u015al\u0105skiej. Wydarzenie obj\u0119te zosta\u0142o patronatem honorowym Marsza\u0142ka Wojew\u00f3dztwa \u015al\u0105skiego. Debat\u0119 dr hab. Magdaleny Olpi\u0144skiej-Szkie\u0142ko z Waldemarem Gaid\u0105 poprowadzi\u0142 Leszek Jodli\u0144ski, dyrektor Muzeum \u015al\u0105skiego w Katowicach. Wywo\u0142a\u0142a ona \u017cyw\u0105 reakcj\u0119 uczestnik\u00f3w<\/p>\n<div class=\"read-more-wrapper\"><a class=\"read-more\" href=\"https:\/\/ibr.bs.katowice.pl\/?p=661\" title=\"Read More\"> <span class=\"button \">Read More<\/span><\/a><\/div>\n","protected":false},"author":2,"featured_media":0,"comment_status":"closed","ping_status":"open","sticky":false,"template":"","format":"standard","meta":{"footnotes":""},"categories":[1],"tags":[],"class_list":["post-661","post","type-post","status-publish","format-standard","hentry","category-aktu"],"_links":{"self":[{"href":"https:\/\/ibr.bs.katowice.pl\/index.php?rest_route=\/wp\/v2\/posts\/661","targetHints":{"allow":["GET"]}}],"collection":[{"href":"https:\/\/ibr.bs.katowice.pl\/index.php?rest_route=\/wp\/v2\/posts"}],"about":[{"href":"https:\/\/ibr.bs.katowice.pl\/index.php?rest_route=\/wp\/v2\/types\/post"}],"author":[{"embeddable":true,"href":"https:\/\/ibr.bs.katowice.pl\/index.php?rest_route=\/wp\/v2\/users\/2"}],"replies":[{"embeddable":true,"href":"https:\/\/ibr.bs.katowice.pl\/index.php?rest_route=%2Fwp%2Fv2%2Fcomments&post=661"}],"version-history":[{"count":0,"href":"https:\/\/ibr.bs.katowice.pl\/index.php?rest_route=\/wp\/v2\/posts\/661\/revisions"}],"wp:attachment":[{"href":"https:\/\/ibr.bs.katowice.pl\/index.php?rest_route=%2Fwp%2Fv2%2Fmedia&parent=661"}],"wp:term":[{"taxonomy":"category","embeddable":true,"href":"https:\/\/ibr.bs.katowice.pl\/index.php?rest_route=%2Fwp%2Fv2%2Fcategories&post=661"},{"taxonomy":"post_tag","embeddable":true,"href":"https:\/\/ibr.bs.katowice.pl\/index.php?rest_route=%2Fwp%2Fv2%2Ftags&post=661"}],"curies":[{"name":"wp","href":"https:\/\/api.w.org\/{rel}","templated":true}]}}