{"id":645,"date":"2012-11-21T13:03:09","date_gmt":"2012-11-21T13:03:09","guid":{"rendered":"http:\/\/ibr.bs.katowice.pl\/?p=645"},"modified":"2012-11-22T10:37:42","modified_gmt":"2012-11-22T10:37:42","slug":"konferencja-oni-decydowali-na-gornym-slasku-w-xx-wieku","status":"publish","type":"post","link":"https:\/\/ibr.bs.katowice.pl\/?p=645","title":{"rendered":"Konferencja &#8222;Oni decydowali na G\u00f3rnym \u015al\u0105sku w XX wieku&#8221;"},"content":{"rendered":"<p>3 grudnia 2012 roku w Bibliotece \u015al\u0105skiej (pl. Rady Europy 1) w Katowicach w sali audytoryjnej Parnassos odb\u0119dzie si\u0119 konferencja naukowa pt. <em>Oni decydowali na G\u00f3rnym \u015al\u0105sku w XX wieku<\/em>. Rozpocznie si\u0119 o godzinie 9.00 i b\u0119dzie podzielona na cztery panele tematyczne, kt\u00f3re przybli\u017c\u0105 sylwetki os\u00f3b maj\u0105cych decyduj\u0105cy wp\u0142yw na losy G\u00f3rno\u015bl\u0105zak\u00f3w i G\u00f3rnego \u015al\u0105ska w XX wieku.<\/p>\n<p>Konferencja zostanie zorganizowana przy wsp\u00f3\u0142pracy Stowarzyszenia Humanistycznego Europa, \u015al\u0105sk, \u015awiat Najmniejszy, Archiwum Pa\u0144stwowego w Katowicach oraz Instytutu Bada\u0144 Regionalnych Biblioteki \u015al\u0105skiej w Katowicach.<\/p>\n<p>Gor\u0105co zapraszamy do uczestnictwa!<\/p>\n<p><strong>Program:<\/strong><\/p>\n<p>9.00\u20139.15 Otwarcie konferencji<\/p>\n<p><strong>Panel I<\/strong><\/p>\n<p>Moderator: mgr Miros\u0142aw W\u0119cki<\/p>\n<p>9.15\u20139.35 dr Jan Lewandowski: <em>Korfanty wobec autonomii<\/em><\/p>\n<p>9.35\u20139.55 dr hab. Krzysztof Nowak: <em>Bez kompleks\u00f3w. Miejsce \u015al\u0105ska w II RP w my\u015bli politycznej wojewody Micha\u0142a Gra\u017cy\u0144skiego<\/em><\/p>\n<p>9.55\u201310.15 mgr Matthias Lempart: <em>Hans Lukaschek: burmistrz Rybnika i Zabrza, dzia\u0142acz plebiscytowy i nadprezydent prowincji g\u00f3rno\u015bl\u0105skiej<\/em><\/p>\n<p>10.15\u201310.30 Dyskusja<\/p>\n<p>10.30\u201310.45 Przerwa<\/p>\n<p><strong>\u00a0Panel II<\/strong><\/p>\n<p>Moderator: dr Dawid Keller<\/p>\n<p>10.45\u201311.05 dr Miros\u0142aw Sikora: <em>Kogo wysiedla\u0107? Kogo osiedla\u0107? Administracja Josefa Wagnera wobec ziem polskich wcielonych do prowincji \u015bl\u0105skiej<\/em><\/p>\n<p>11.05\u201311.25 mgr Miros\u0142aw W\u0119cki: <em>Fritz Bracht: cz\u0142owiek, kt\u00f3ry kierowa\u0142 akcj\u0105 folkslisty na G\u00f3rnym \u015al\u0105sku (1941\u20131945)<\/em><\/p>\n<p>11.25\u201311.45 mgr Janusz Mokrosz: <em>Aleksander Zawadzki \u2013 mi\u0119dzy \u201eantyniemiecko\u015bci\u0105\u201d a \u201erepolonizacj\u0105\u201d. Dylematy narodowo\u015bciowe pierwszego komunistycznego wojewody \u015bl\u0105skiego\u00a0\u00a0 <\/em><\/p>\n<p>11.45\u201312.05 mgr Bogus\u0142aw Tracz: <em>Mi\u0119dzy sanacj\u0105 a komunizmem \u2013 polityczne uwarunkowania urz\u0119dniczej kariery Jerzego Zi\u0119tka<\/em><\/p>\n<p>12.05\u201312.20 Dyskusja<\/p>\n<p>12.20\u201313.00 Przerwa obiadowa<\/p>\n<p><strong>\u00a0Panel III<\/strong><\/p>\n<p>Moderator: mgr Anna Kubica<\/p>\n<p>13.00\u201313.20 dr Piotr Sput: <em>Pra\u0142at Carl Ulitzka \u2013 duchowny, polityk, \u201eniekoronowany kr\u00f3l\u201d G\u00f3rnego \u015al\u0105ska<\/em><\/p>\n<p>13.20\u201313.40 mgr Sabina Uliarczyk: <em>Stanis\u0142aw Adamski <\/em>\u2013<em> przewodnik duchowy czy polityczny?<\/em><\/p>\n<p>13.40\u201314.00 mgr Mateusz Sobeczko: <em>Ko\u015bci\u00f3\u0142, cz\u0142owiek, praca. Postawa biskupa Herberta Bednorza wobec najwa\u017cniejszych spraw diecezji katowickiej<\/em><\/p>\n<p>14.00\u201314.15 Dyskusja<\/p>\n<p>14.15\u201314.30 Przerwa<\/p>\n<p><strong>Panel IV<\/strong><\/p>\n<p>Moderator: mgr Janusz Mokrosz<\/p>\n<p>14.30\u201314.50 mgr Przemys\u0142aw Snoch: <em>Edward Gierek wobec G\u00f3rnego \u015al\u0105ska i jego mieszka\u0144c\u00f3w w latach 1954\u20131970<\/em><\/p>\n<p>14.50\u201315.10 dr Micha\u0142 Smolorz: <em>Zdzis\u0142aw Grudzie\u0144 <\/em>\u2013<em> \u015bl\u0105sko-zag\u0142\u0119biowski \u201eCysorz\u201d<\/em><\/p>\n<p>15.10\u201315.30 dr Jakub Kazimierski: <em>W walce z \u201eSolidarno\u015bci\u0105\u201d. Andrzej \u017babi\u0144ski, I sekretarz KW PZPR w Katowicach 1980\u20131982<\/em><\/p>\n<p>15.30\u201315.50 mgr \u0141ukasz G\u0105dzik, mgr Piotr Rygus: <em>Genera\u0142 Roman Paszkowski \u2013 postawa polityczna wojewody katowickiego wobec wydarze\u0144 stanu wojennego<\/em><\/p>\n<p>15.50\u201316.05 Dyskusja<\/p>\n<p>&nbsp;<\/p>\n<p><a href=\"https:\/\/ibr.bs.katowice.pl\/wp-content\/uploads\/2012\/11\/ulotka.jpg\"><img loading=\"lazy\" decoding=\"async\" class=\"aligncenter size-full wp-image-651\" title=\"ulotka\" src=\"https:\/\/ibr.bs.katowice.pl\/wp-content\/uploads\/2012\/11\/ulotka.jpg\" alt=\"\" width=\"723\" height=\"1024\" srcset=\"https:\/\/ibr.bs.katowice.pl\/wp-content\/uploads\/2012\/11\/ulotka.jpg 723w, https:\/\/ibr.bs.katowice.pl\/wp-content\/uploads\/2012\/11\/ulotka-211x300.jpg 211w, https:\/\/ibr.bs.katowice.pl\/wp-content\/uploads\/2012\/11\/ulotka-600x849.jpg 600w\" sizes=\"auto, (max-width: 723px) 100vw, 723px\" \/><\/a><\/p>\n","protected":false},"excerpt":{"rendered":"<p>3 grudnia 2012 roku w Bibliotece \u015al\u0105skiej (pl. Rady Europy 1) w Katowicach w sali audytoryjnej Parnassos odb\u0119dzie si\u0119 konferencja naukowa pt. Oni decydowali na G\u00f3rnym \u015al\u0105sku w XX wieku. Rozpocznie si\u0119 o godzinie 9.00 i b\u0119dzie podzielona na cztery panele tematyczne, kt\u00f3re przybli\u017c\u0105 sylwetki os\u00f3b maj\u0105cych decyduj\u0105cy wp\u0142yw na losy G\u00f3rno\u015bl\u0105zak\u00f3w i G\u00f3rnego \u015al\u0105ska<\/p>\n<div class=\"read-more-wrapper\"><a class=\"read-more\" href=\"https:\/\/ibr.bs.katowice.pl\/?p=645\" title=\"Read More\"> <span class=\"button \">Read More<\/span><\/a><\/div>\n","protected":false},"author":2,"featured_media":0,"comment_status":"closed","ping_status":"open","sticky":false,"template":"","format":"standard","meta":{"footnotes":""},"categories":[1],"tags":[],"class_list":["post-645","post","type-post","status-publish","format-standard","hentry","category-aktu"],"_links":{"self":[{"href":"https:\/\/ibr.bs.katowice.pl\/index.php?rest_route=\/wp\/v2\/posts\/645","targetHints":{"allow":["GET"]}}],"collection":[{"href":"https:\/\/ibr.bs.katowice.pl\/index.php?rest_route=\/wp\/v2\/posts"}],"about":[{"href":"https:\/\/ibr.bs.katowice.pl\/index.php?rest_route=\/wp\/v2\/types\/post"}],"author":[{"embeddable":true,"href":"https:\/\/ibr.bs.katowice.pl\/index.php?rest_route=\/wp\/v2\/users\/2"}],"replies":[{"embeddable":true,"href":"https:\/\/ibr.bs.katowice.pl\/index.php?rest_route=%2Fwp%2Fv2%2Fcomments&post=645"}],"version-history":[{"count":0,"href":"https:\/\/ibr.bs.katowice.pl\/index.php?rest_route=\/wp\/v2\/posts\/645\/revisions"}],"wp:attachment":[{"href":"https:\/\/ibr.bs.katowice.pl\/index.php?rest_route=%2Fwp%2Fv2%2Fmedia&parent=645"}],"wp:term":[{"taxonomy":"category","embeddable":true,"href":"https:\/\/ibr.bs.katowice.pl\/index.php?rest_route=%2Fwp%2Fv2%2Fcategories&post=645"},{"taxonomy":"post_tag","embeddable":true,"href":"https:\/\/ibr.bs.katowice.pl\/index.php?rest_route=%2Fwp%2Fv2%2Ftags&post=645"}],"curies":[{"name":"wp","href":"https:\/\/api.w.org\/{rel}","templated":true}]}}