{"id":629,"date":"2012-11-06T11:15:41","date_gmt":"2012-11-06T11:15:41","guid":{"rendered":"http:\/\/ibr.bs.katowice.pl\/?p=629"},"modified":"2013-06-12T06:28:38","modified_gmt":"2013-06-12T06:28:38","slug":"po-konferencji-metodologicznej","status":"publish","type":"post","link":"https:\/\/ibr.bs.katowice.pl\/?p=629","title":{"rendered":"Po konferencji metodologicznej"},"content":{"rendered":"<p>W dniu 5 listopada 2012 roku w Instytucie Bada\u0144 Regionalnych odby\u0142a si\u0119 I Konferencja Metodologiczna zespo\u0142u tworz\u0105cego Podr\u0119cznik Edukacji Regionalnej. Kierownikiem zespo\u0142u akademickiego zosta\u0142 dr hab. Lech Krzy\u017canowski z Instytutu Historii Uniwersytetu \u015al\u0105skiego, natomiast kierownikiem zespo\u0142u dydaktycznego zosta\u0142 dr Adam Hibszer z Zak\u0142adu Biogeografii i Dydaktyki Geografii Uniwersytetu \u015al\u0105skiego. Zesp\u00f3\u0142 przyj\u0105\u0142 tak\u017ce projekt makiety Podr\u0119cznika.<\/p>\n","protected":false},"excerpt":{"rendered":"<p>W dniu 5 listopada 2012 roku w Instytucie Bada\u0144 Regionalnych odby\u0142a si\u0119 I Konferencja Metodologiczna zespo\u0142u tworz\u0105cego Podr\u0119cznik Edukacji Regionalnej. Kierownikiem zespo\u0142u akademickiego zosta\u0142 dr hab. Lech Krzy\u017canowski z Instytutu Historii Uniwersytetu \u015al\u0105skiego, natomiast kierownikiem zespo\u0142u dydaktycznego zosta\u0142 dr Adam Hibszer z Zak\u0142adu Biogeografii i Dydaktyki Geografii Uniwersytetu \u015al\u0105skiego. Zesp\u00f3\u0142 przyj\u0105\u0142 tak\u017ce projekt makiety Podr\u0119cznika.<\/p>\n<div class=\"read-more-wrapper\"><a class=\"read-more\" href=\"https:\/\/ibr.bs.katowice.pl\/?p=629\" title=\"Read More\"> <span class=\"button \">Read More<\/span><\/a><\/div>\n","protected":false},"author":2,"featured_media":0,"comment_status":"closed","ping_status":"open","sticky":false,"template":"","format":"standard","meta":{"footnotes":""},"categories":[1,49],"tags":[],"class_list":["post-629","post","type-post","status-publish","format-standard","hentry","category-aktu","category-arch"],"_links":{"self":[{"href":"https:\/\/ibr.bs.katowice.pl\/index.php?rest_route=\/wp\/v2\/posts\/629","targetHints":{"allow":["GET"]}}],"collection":[{"href":"https:\/\/ibr.bs.katowice.pl\/index.php?rest_route=\/wp\/v2\/posts"}],"about":[{"href":"https:\/\/ibr.bs.katowice.pl\/index.php?rest_route=\/wp\/v2\/types\/post"}],"author":[{"embeddable":true,"href":"https:\/\/ibr.bs.katowice.pl\/index.php?rest_route=\/wp\/v2\/users\/2"}],"replies":[{"embeddable":true,"href":"https:\/\/ibr.bs.katowice.pl\/index.php?rest_route=%2Fwp%2Fv2%2Fcomments&post=629"}],"version-history":[{"count":0,"href":"https:\/\/ibr.bs.katowice.pl\/index.php?rest_route=\/wp\/v2\/posts\/629\/revisions"}],"wp:attachment":[{"href":"https:\/\/ibr.bs.katowice.pl\/index.php?rest_route=%2Fwp%2Fv2%2Fmedia&parent=629"}],"wp:term":[{"taxonomy":"category","embeddable":true,"href":"https:\/\/ibr.bs.katowice.pl\/index.php?rest_route=%2Fwp%2Fv2%2Fcategories&post=629"},{"taxonomy":"post_tag","embeddable":true,"href":"https:\/\/ibr.bs.katowice.pl\/index.php?rest_route=%2Fwp%2Fv2%2Ftags&post=629"}],"curies":[{"name":"wp","href":"https:\/\/api.w.org\/{rel}","templated":true}]}}