{"id":549,"date":"2012-10-15T09:28:21","date_gmt":"2012-10-15T09:28:21","guid":{"rendered":"http:\/\/ibr.bs.katowice.pl\/?p=549"},"modified":"2012-10-15T09:42:56","modified_gmt":"2012-10-15T09:42:56","slug":"konferencja-metodologiczna-2","status":"publish","type":"post","link":"https:\/\/ibr.bs.katowice.pl\/?p=549","title":{"rendered":"Konferencja metodologiczna"},"content":{"rendered":"<p>W siedzibie Instytutu Bada\u0144 Regionalnych, 5 listopada o godzinie 9:00, odb\u0119dzie si\u0119<br \/>\nI Konferencja Metodologiczna Podr\u0119cznika Edukacji Regionalnej. Uczestnikami b\u0119d\u0105 koordynatorzy projektu oraz cz\u0142onkowie zespo\u0142u akademickiego.<em><\/em><\/p>\n","protected":false},"excerpt":{"rendered":"<p>W siedzibie Instytutu Bada\u0144 Regionalnych, 5 listopada o godzinie 9:00, odb\u0119dzie si\u0119 I Konferencja Metodologiczna Podr\u0119cznika Edukacji Regionalnej. Uczestnikami b\u0119d\u0105 koordynatorzy projektu oraz cz\u0142onkowie zespo\u0142u akademickiego.<\/p>\n<div class=\"read-more-wrapper\"><a class=\"read-more\" href=\"https:\/\/ibr.bs.katowice.pl\/?p=549\" title=\"Read More\"> <span class=\"button \">Read More<\/span><\/a><\/div>\n","protected":false},"author":2,"featured_media":0,"comment_status":"closed","ping_status":"open","sticky":false,"template":"","format":"standard","meta":{"footnotes":""},"categories":[1],"tags":[],"class_list":["post-549","post","type-post","status-publish","format-standard","hentry","category-aktu"],"_links":{"self":[{"href":"https:\/\/ibr.bs.katowice.pl\/index.php?rest_route=\/wp\/v2\/posts\/549","targetHints":{"allow":["GET"]}}],"collection":[{"href":"https:\/\/ibr.bs.katowice.pl\/index.php?rest_route=\/wp\/v2\/posts"}],"about":[{"href":"https:\/\/ibr.bs.katowice.pl\/index.php?rest_route=\/wp\/v2\/types\/post"}],"author":[{"embeddable":true,"href":"https:\/\/ibr.bs.katowice.pl\/index.php?rest_route=\/wp\/v2\/users\/2"}],"replies":[{"embeddable":true,"href":"https:\/\/ibr.bs.katowice.pl\/index.php?rest_route=%2Fwp%2Fv2%2Fcomments&post=549"}],"version-history":[{"count":0,"href":"https:\/\/ibr.bs.katowice.pl\/index.php?rest_route=\/wp\/v2\/posts\/549\/revisions"}],"wp:attachment":[{"href":"https:\/\/ibr.bs.katowice.pl\/index.php?rest_route=%2Fwp%2Fv2%2Fmedia&parent=549"}],"wp:term":[{"taxonomy":"category","embeddable":true,"href":"https:\/\/ibr.bs.katowice.pl\/index.php?rest_route=%2Fwp%2Fv2%2Fcategories&post=549"},{"taxonomy":"post_tag","embeddable":true,"href":"https:\/\/ibr.bs.katowice.pl\/index.php?rest_route=%2Fwp%2Fv2%2Ftags&post=549"}],"curies":[{"name":"wp","href":"https:\/\/api.w.org\/{rel}","templated":true}]}}