{"id":344,"date":"2012-06-26T12:21:40","date_gmt":"2012-06-26T12:21:40","guid":{"rendered":"http:\/\/ibr.bs.katowice.pl\/?p=344"},"modified":"2013-09-24T08:58:26","modified_gmt":"2013-09-24T08:58:26","slug":"uroczysta-sesja-sejmiku-slaskiego-galeria","status":"publish","type":"post","link":"https:\/\/ibr.bs.katowice.pl\/?p=344","title":{"rendered":"Uroczysta sesja Sejmiku \u015al\u0105skiegoUroczysta sesja Sejmiku \u015al\u0105skiego z okazji 90. rocznicy przy\u0142\u0105czenia G\u00f3rnego \u015al\u0105ska do Polski"},"content":{"rendered":"\n\t\t<style type=\"text\/css\">\n\t\t\t#gallery-1 {\n\t\t\t\tmargin: auto;\n\t\t\t}\n\t\t\t#gallery-1 .gallery-item {\n\t\t\t\tfloat: left;\n\t\t\t\tmargin-top: 10px;\n\t\t\t\ttext-align: center;\n\t\t\t\twidth: 33%;\n\t\t\t}\n\t\t\t#gallery-1 img {\n\t\t\t\tborder: 2px solid #cfcfcf;\n\t\t\t}\n\t\t\t#gallery-1 .gallery-caption {\n\t\t\t\tmargin-left: 0;\n\t\t\t}\n\t\t\t\/* see gallery_shortcode() in wp-includes\/media.php *\/\n\t\t<\/style>\n\t\t<div id='gallery-1' class='gallery galleryid-344 gallery-columns-3 gallery-size-thumbnail'><dl class='gallery-item'>\n\t\t\t<dt class='gallery-icon landscape'>\n\t\t\t\t<a href='https:\/\/ibr.bs.katowice.pl\/?attachment_id=347'><img loading=\"lazy\" decoding=\"async\" width=\"150\" height=\"150\" src=\"https:\/\/ibr.bs.katowice.pl\/wp-content\/uploads\/2012\/06\/Obraz-026-150x150.jpg\" class=\"attachment-thumbnail size-thumbnail\" alt=\"Album Pami\u0105tkowy wydany z okazji 90. rocznicy przy\u0142\u0105czenia G\u00f3rnego \u015al\u0105ska do Polski\" \/><\/a>\n\t\t\t<\/dt><\/dl><dl class='gallery-item'>\n\t\t\t<dt class='gallery-icon landscape'>\n\t\t\t\t<a href='https:\/\/ibr.bs.katowice.pl\/?attachment_id=353'><img loading=\"lazy\" decoding=\"async\" width=\"150\" height=\"150\" src=\"https:\/\/ibr.bs.katowice.pl\/wp-content\/uploads\/2012\/06\/Obraz-041-150x150.jpg\" class=\"attachment-thumbnail size-thumbnail\" alt=\"\" \/><\/a>\n\t\t\t<\/dt><\/dl><dl class='gallery-item'>\n\t\t\t<dt class='gallery-icon landscape'>\n\t\t\t\t<a href='https:\/\/ibr.bs.katowice.pl\/?attachment_id=357'><img loading=\"lazy\" decoding=\"async\" width=\"150\" height=\"150\" src=\"https:\/\/ibr.bs.katowice.pl\/wp-content\/uploads\/2012\/06\/Obraz-060-150x150.jpg\" class=\"attachment-thumbnail size-thumbnail\" alt=\"\" \/><\/a>\n\t\t\t<\/dt><\/dl><br style=\"clear: both\" \/><dl class='gallery-item'>\n\t\t\t<dt class='gallery-icon landscape'>\n\t\t\t\t<a href='https:\/\/ibr.bs.katowice.pl\/?attachment_id=359'><img loading=\"lazy\" decoding=\"async\" width=\"150\" height=\"150\" src=\"https:\/\/ibr.bs.katowice.pl\/wp-content\/uploads\/2012\/06\/Obraz-067-150x150.jpg\" class=\"attachment-thumbnail size-thumbnail\" alt=\"\" \/><\/a>\n\t\t\t<\/dt><\/dl><dl class='gallery-item'>\n\t\t\t<dt class='gallery-icon landscape'>\n\t\t\t\t<a href='https:\/\/ibr.bs.katowice.pl\/?attachment_id=366'><img loading=\"lazy\" decoding=\"async\" width=\"150\" height=\"150\" src=\"https:\/\/ibr.bs.katowice.pl\/wp-content\/uploads\/2012\/06\/Obraz-086-150x150.jpg\" class=\"attachment-thumbnail size-thumbnail\" alt=\"Album Pami\u0105tkowy wydany z okazji 90. rocznicy przy\u0142\u0105czenia G\u00f3rnego \u015al\u0105ska do Polski\" srcset=\"https:\/\/ibr.bs.katowice.pl\/wp-content\/uploads\/2012\/06\/Obraz-086-150x150.jpg 150w, https:\/\/ibr.bs.katowice.pl\/wp-content\/uploads\/2012\/06\/Obraz-086-300x297.jpg 300w, https:\/\/ibr.bs.katowice.pl\/wp-content\/uploads\/2012\/06\/Obraz-086-302x300.jpg 302w, https:\/\/ibr.bs.katowice.pl\/wp-content\/uploads\/2012\/06\/Obraz-086.jpg 800w\" sizes=\"auto, (max-width: 150px) 100vw, 150px\" \/><\/a>\n\t\t\t<\/dt><\/dl><dl class='gallery-item'>\n\t\t\t<dt class='gallery-icon landscape'>\n\t\t\t\t<a href='https:\/\/ibr.bs.katowice.pl\/?attachment_id=372'><img loading=\"lazy\" decoding=\"async\" width=\"150\" height=\"150\" src=\"https:\/\/ibr.bs.katowice.pl\/wp-content\/uploads\/2012\/06\/Obraz-100-150x150.jpg\" class=\"attachment-thumbnail size-thumbnail\" alt=\"Dyrektor Biblioteki \u015al\u0105skiej Prof. zw. dr hab. Jan Malicki\" \/><\/a>\n\t\t\t<\/dt><\/dl><br style=\"clear: both\" \/><dl class='gallery-item'>\n\t\t\t<dt class='gallery-icon landscape'>\n\t\t\t\t<a href='https:\/\/ibr.bs.katowice.pl\/?attachment_id=374'><img loading=\"lazy\" decoding=\"async\" width=\"150\" height=\"150\" src=\"https:\/\/ibr.bs.katowice.pl\/wp-content\/uploads\/2012\/06\/Obraz-110-150x150.jpg\" class=\"attachment-thumbnail size-thumbnail\" alt=\"\" \/><\/a>\n\t\t\t<\/dt><\/dl><dl class='gallery-item'>\n\t\t\t<dt class='gallery-icon landscape'>\n\t\t\t\t<a href='https:\/\/ibr.bs.katowice.pl\/?attachment_id=379'><img loading=\"lazy\" decoding=\"async\" width=\"150\" height=\"150\" src=\"https:\/\/ibr.bs.katowice.pl\/wp-content\/uploads\/2012\/06\/Obraz-140-150x150.jpg\" class=\"attachment-thumbnail size-thumbnail\" alt=\"\" \/><\/a>\n\t\t\t<\/dt><\/dl><dl class='gallery-item'>\n\t\t\t<dt class='gallery-icon landscape'>\n\t\t\t\t<a href='https:\/\/ibr.bs.katowice.pl\/?attachment_id=403'><img loading=\"lazy\" decoding=\"async\" width=\"150\" height=\"150\" src=\"https:\/\/ibr.bs.katowice.pl\/wp-content\/uploads\/2012\/06\/Obraz-098-150x150.jpg\" class=\"attachment-thumbnail size-thumbnail\" alt=\"\" \/><\/a>\n\t\t\t<\/dt><\/dl><br style=\"clear: both\" \/>\n\t\t<\/div>\n\n","protected":false},"excerpt":{"rendered":"<div class=\"read-more-wrapper\"><a class=\"read-more\" href=\"https:\/\/ibr.bs.katowice.pl\/?p=344\" title=\"Read More\"> <span class=\"button \">Read More<\/span><\/a><\/div>\n","protected":false},"author":2,"featured_media":0,"comment_status":"closed","ping_status":"open","sticky":false,"template":"","format":"standard","meta":{"footnotes":""},"categories":[22],"tags":[],"class_list":["post-344","post","type-post","status-publish","format-standard","hentry","category-galeria"],"_links":{"self":[{"href":"https:\/\/ibr.bs.katowice.pl\/index.php?rest_route=\/wp\/v2\/posts\/344","targetHints":{"allow":["GET"]}}],"collection":[{"href":"https:\/\/ibr.bs.katowice.pl\/index.php?rest_route=\/wp\/v2\/posts"}],"about":[{"href":"https:\/\/ibr.bs.katowice.pl\/index.php?rest_route=\/wp\/v2\/types\/post"}],"author":[{"embeddable":true,"href":"https:\/\/ibr.bs.katowice.pl\/index.php?rest_route=\/wp\/v2\/users\/2"}],"replies":[{"embeddable":true,"href":"https:\/\/ibr.bs.katowice.pl\/index.php?rest_route=%2Fwp%2Fv2%2Fcomments&post=344"}],"version-history":[{"count":0,"href":"https:\/\/ibr.bs.katowice.pl\/index.php?rest_route=\/wp\/v2\/posts\/344\/revisions"}],"wp:attachment":[{"href":"https:\/\/ibr.bs.katowice.pl\/index.php?rest_route=%2Fwp%2Fv2%2Fmedia&parent=344"}],"wp:term":[{"taxonomy":"category","embeddable":true,"href":"https:\/\/ibr.bs.katowice.pl\/index.php?rest_route=%2Fwp%2Fv2%2Fcategories&post=344"},{"taxonomy":"post_tag","embeddable":true,"href":"https:\/\/ibr.bs.katowice.pl\/index.php?rest_route=%2Fwp%2Fv2%2Ftags&post=344"}],"curies":[{"name":"wp","href":"https:\/\/api.w.org\/{rel}","templated":true}]}}