{"id":3297,"date":"2022-05-24T07:32:49","date_gmt":"2022-05-24T07:32:49","guid":{"rendered":"https:\/\/ibr.bs.katowice.pl\/?p=3297"},"modified":"2022-05-24T07:32:50","modified_gmt":"2022-05-24T07:32:50","slug":"pola-i-wojtek-bajki-o-powstaniach-slaskich","status":"publish","type":"post","link":"https:\/\/ibr.bs.katowice.pl\/?p=3297","title":{"rendered":"Pola i Wojtek&#8230; Bajki o powstaniach \u015bl\u0105skich"},"content":{"rendered":"\n<p>Instytut Bada\u0144 Regionalnych Biblioteki \u015al\u0105skiej opracowa\u0142 dwie cz\u0119\u015bci bajki o przygodach Poli i Wojtka.<\/p>\n\n\n\n<p>Cz\u0119\u015b\u0107 pierwsza, &#8222;Pola, Wojtek i\u00a0trzy skrzyd\u0142a. Historia o\u00a0powstaniach \u015bl\u0105skich dla dzieci&#8221;, ukaza\u0142a si\u0119 w 2020 roku. Bohaterami s\u0105 dzieci sp\u0119dzaj\u0105ce wakacje u dziadk\u00f3w, kt\u00f3rzy przybli\u017caj\u0105 im histori\u0119 powsta\u0144 \u015bl\u0105skich.<\/p>\n\n\n\n<p>Cz\u0119\u015b\u0107 druga, &#8222;Pola i Wojtek na powsta\u0144czym szlaku&#8221;, wydana zosta\u0142a w 2021 roku i opowiada o wycieczce szlakiem powsta\u0144czych miejsc pami\u0119ci.<\/p>\n\n\n\n<p> Sugerowani odbiorcy: czytelnicy w\u00a0wieku 8\u201312 lat.<\/p>\n\n\n\n<p>Bajki s\u0105 efektem dzia\u0142a\u0144 zespo\u0142u w\u00a0sk\u0142adzie: Beniamin Czapla, Micha\u0142 Garbacz, Julia Rott-Urba\u0144ska i\u00a0dr\u00a0Krystian W\u0119grzynek. Autork\u0105 rysunk\u00f3w jest Karolina Janus. Za wydanie i druk odpowiada Biblioteka \u015al\u0105ska.<\/p>\n\n\n\n<p>Bajki do pobrania:<\/p>\n\n\n\n<ul class=\"wp-block-list\"><li><a href=\"https:\/\/ibr.bs.katowice.pl\/wp-content\/uploads\/2020\/08\/Bajka-IBR.pdf\">Pola, Wojtek i\u00a0trzy skrzyd\u0142a<\/a><\/li><\/ul>\n\n\n\n<ul class=\"wp-block-list\"><li><a href=\"https:\/\/ibr.bs.katowice.pl\/wp-content\/uploads\/2021\/04\/Pola-i-Wojtek-na-powstanczym-szlaku.pdf?fbclid=IwAR0t9QP9EWO0fxUOdjPbSudXREyVXSrjgtBRPLjt9-ab8ZQSFNIjlY5hKWU\">Pola i Wojtek na powsta\u0144czym szlaku<\/a><\/li><\/ul>\n\n\n\n<p><\/p>\n","protected":false},"excerpt":{"rendered":"<p>Instytut Bada\u0144 Regionalnych Biblioteki \u015al\u0105skiej opracowa\u0142 dwie cz\u0119\u015bci bajki o przygodach Poli i Wojtka. Cz\u0119\u015b\u0107 pierwsza, &#8222;Pola, Wojtek i\u00a0trzy skrzyd\u0142a. Historia o\u00a0powstaniach \u015bl\u0105skich dla dzieci&#8221;, ukaza\u0142a si\u0119 w 2020 roku. Bohaterami s\u0105 dzieci sp\u0119dzaj\u0105ce wakacje u dziadk\u00f3w, kt\u00f3rzy przybli\u017caj\u0105 im histori\u0119 powsta\u0144 \u015bl\u0105skich. Cz\u0119\u015b\u0107 druga, &#8222;Pola i Wojtek na powsta\u0144czym szlaku&#8221;, wydana zosta\u0142a w 2021<\/p>\n<div class=\"read-more-wrapper\"><a class=\"read-more\" href=\"https:\/\/ibr.bs.katowice.pl\/?p=3297\" title=\"Read More\"> <span class=\"button \">Read More<\/span><\/a><\/div>\n","protected":false},"author":2,"featured_media":3298,"comment_status":"closed","ping_status":"open","sticky":false,"template":"","format":"standard","meta":{"footnotes":""},"categories":[1,7,58],"tags":[],"class_list":["post-3297","post","type-post","status-publish","format-standard","has-post-thumbnail","hentry","category-aktu","category-ksiazki","category-publikacje"],"_links":{"self":[{"href":"https:\/\/ibr.bs.katowice.pl\/index.php?rest_route=\/wp\/v2\/posts\/3297","targetHints":{"allow":["GET"]}}],"collection":[{"href":"https:\/\/ibr.bs.katowice.pl\/index.php?rest_route=\/wp\/v2\/posts"}],"about":[{"href":"https:\/\/ibr.bs.katowice.pl\/index.php?rest_route=\/wp\/v2\/types\/post"}],"author":[{"embeddable":true,"href":"https:\/\/ibr.bs.katowice.pl\/index.php?rest_route=\/wp\/v2\/users\/2"}],"replies":[{"embeddable":true,"href":"https:\/\/ibr.bs.katowice.pl\/index.php?rest_route=%2Fwp%2Fv2%2Fcomments&post=3297"}],"version-history":[{"count":0,"href":"https:\/\/ibr.bs.katowice.pl\/index.php?rest_route=\/wp\/v2\/posts\/3297\/revisions"}],"wp:featuredmedia":[{"embeddable":true,"href":"https:\/\/ibr.bs.katowice.pl\/index.php?rest_route=\/wp\/v2\/media\/3298"}],"wp:attachment":[{"href":"https:\/\/ibr.bs.katowice.pl\/index.php?rest_route=%2Fwp%2Fv2%2Fmedia&parent=3297"}],"wp:term":[{"taxonomy":"category","embeddable":true,"href":"https:\/\/ibr.bs.katowice.pl\/index.php?rest_route=%2Fwp%2Fv2%2Fcategories&post=3297"},{"taxonomy":"post_tag","embeddable":true,"href":"https:\/\/ibr.bs.katowice.pl\/index.php?rest_route=%2Fwp%2Fv2%2Ftags&post=3297"}],"curies":[{"name":"wp","href":"https:\/\/api.w.org\/{rel}","templated":true}]}}