{"id":3120,"date":"2021-02-03T06:28:35","date_gmt":"2021-02-03T05:28:35","guid":{"rendered":"https:\/\/ibr.bs.katowice.pl\/?p=3120"},"modified":"2023-01-16T09:59:15","modified_gmt":"2023-01-16T08:59:15","slug":"szosty-numer-zaranie-slaskie-seria-druga","status":"publish","type":"post","link":"https:\/\/ibr.bs.katowice.pl\/?p=3120","title":{"rendered":"Sz\u00f3sty numer \u2013 Zaranie \u015al\u0105skie. Seria druga"},"content":{"rendered":"\n<h2 class=\"wp-block-heading\">Rocznik 6 (2020)<\/h2>\n\n\n\n<p>ISSN 0044-183X<\/p>\n\n\n\n<p>Pandemia koronawirusa sprowokowa\u0142a badaczy z Wydzia\u0142u Humanistycznego Uniwersytetu \u015al\u0105skiego do przestudiowania dziej\u00f3w wielkich chor\u00f3b n\u0119kaj\u0105cych Europ\u0119, a w szczeg\u00f3lno\u015bci terytorium dzisiejszego wojew\u00f3dztwa \u015bl\u0105skiego od epoki \u015bredniowiecznej po wiek XX. <\/p>\n\n\n\n<p>Autorzy pisz\u0105 o czarnej \u015bmierci, kt\u00f3ra dotar\u0142a na terytorium G\u00f3rnego \u015al\u0105ska i Ma\u0142opolski Zachodniej ju\u017c w wiekach \u015brednich, o d\u017cumie w czasie wojny trzydziestoletniej oraz o XIX-wiecznej pladze cholery po obu stronach Brynicy. Najwi\u0119cej miejsca po\u015bwi\u0119cono opisowi epidemii tyfusu plamistego (1847-1848), kt\u00f3ra zdziesi\u0105tkowa\u0142a mieszka\u0144c\u00f3w rejencji opolskiej. W tym numerze po raz pierwszy publikujemy obszerne fragmenty s\u0142ynnego raportu z tamtych wydarze\u0144 autorstwa Rudolfa Virchowa (1849) w opracowaniu i przek\u0142adzie Ryszarda Kaczmarka. <\/p>\n\n\n\n<p>Opisy przyczyn, przebiegu, metod zwalczania i skutk\u00f3w wszystkich epidemii ukazanych w kontek\u015bcie wa\u017cnych dla ca\u0142ego kontynentu wydarze\u0144: wojny trzydziestoletniej (1618-1648), powstania listopadowego (1830-1831), Wiosny Lud\u00f3w (1848), wojny francusko-pruskiej (1870-1871) oraz I wojny \u015bwiatowej (1914-<br>1918) s\u0105 istotnym przyczynkiem do obrazu regionu w tamtym czasie.<\/p>\n\n\n\n<p>Sz\u00f3sty numer \u201eZarania \u015al\u0105skiego. Seria Druga\u201d jest ju\u017c dost\u0119pny w\u00a0sprzeda\u017cy. Czasopismo mo\u017cna zam\u00f3wi\u0107 na\u00a0stronie\u00a0<a href=\"http:\/\/www.slaskwn.com.pl\/sklep\/?s__karta.id__794\">Wydawnictwa Naukowego \u015al\u0105sk<\/a>.<\/p>\n\n\n\n<p>Spis tre\u015bci<\/p>\n\n\n\n<p>Krystian W\u0119grzynek, <em>Wst\u0119p<\/em><\/p>\n\n\n\n<p><strong>STUDIA<\/strong><\/p>\n\n\n\n<p>Jerzy Sperka, <em>Choroby zaka\u017ane i epidemie na G\u00f3rnym \u015al\u0105sku i w Zachodniej Ma\u0142opolsce do pocz\u0105tku XVI wieku<\/em><\/p>\n\n\n\n<p>Jakub Grudniewski, <em>D\u017cuma, tyfus i cholera. Epidemie na G\u00f3rnym \u015al\u0105sku od wojny trzydziestoletniej do Wiosny Lud\u00f3w \u2013 zarys tematyki<\/em><\/p>\n\n\n\n<p>Gra\u017cyna Barbara Szewczyk,<em> Epidemia tyfusu na G\u00f3rnym \u015al\u0105sku (1847\u20131848) w relacjach lekarzy<\/em><\/p>\n\n\n\n<p>Ryszard Kaczmarek, <em>Zagro\u017cenie epidemiologiczne na G\u00f3rnym \u015al\u0105sku i sposoby jego zwalczania przez administracj\u0119 prusk\u0105 w latach 1871\u20131919<\/em><\/p>\n\n\n\n<p>Dariusz Nawrot, <em>Epidemie w Zag\u0142\u0119biu D\u0105browskim w XIX i na pocz\u0105tku XX wieku<\/em><\/p>\n\n\n\n<p><strong>MISCELLANEA<\/strong><\/p>\n\n\n\n<p>Ryszard Kaczmarek, <em>G\u00f3rny \u015al\u0105sk i jego mieszka\u0144cy w opinii pruskiego lekarza Rudolfa Virchowa. Sprawozdanie sporz\u0105dzone podczas epidemii tyfusu w powiatach pszczy\u0144skim i rybnickim w 1848 roku i zamieszczone w czasopi\u015bmie \u201eArchiv f\u00fcr pathologische Anatomie und Physiologie und f\u00fcr klinische Medicin\u201d<\/em><\/p>\n\n\n\n<p>Monika Banach-Kokoszka, <em>Stalag VIII B w Sosnowcu<\/em><\/p>\n\n\n\n<p><strong>RECENZJE<\/strong><\/p>\n\n\n\n<p>Gra\u017cyna Barbara Szewczyk, <em>Polacy, \u015al\u0105zacy i Mazurzy w Zag\u0142\u0119biu Ruhry. O nazwiskach i ich pochodzeniu<br>Recenzja leksykonu Kazimierza Rymuta i Johannesa Hoffmana<\/em><\/p>\n\n\n\n<p>Piotr Skowronek, <em>Ludzie s\u0105 dobrzy \u2013 perypetie sejmowe Gustawa Morcinka Recenzja ksi\u0105\u017cki Dzia\u0142alno\u015b\u0107 poselska Gustawa Morcinka, czyli katalog \u015bl\u0105skiej biedy<\/em><\/p>\n\n\n\n<p>Krzysztof Tracki, <em>\u201e[\u2026] Ginie Polska, padaj\u0105c \u0142upem dw\u00f3ch mocarstw chciwo\u015bci\u201d Recenzja ksi\u0105\u017cki Henryka Koc\u00f3ja Dyplomaci Prus, Austrii i Rosji wobec Konstytucji 3 maja 1791 roku<\/em><\/p>\n\n\n\n<p>Krystian W\u0119grzynek,<em> \u015al\u0105zak zbuntowany? Recenzja Pokory Szczepana Twardocha<\/em><\/p>\n\n\n\n<p><strong>BIBLIOGRAFIA<\/strong><\/p>\n\n\n\n<p>Agnieszka Magiera, Ma\u0142gorzata Czech, El\u017cbieta Makuch, <em>Pi\u015bmiennictwo o\u00a0\u015al\u0105sku w\u00a0wyborze (2018-2019)<\/em><\/p>\n","protected":false},"excerpt":{"rendered":"<p>Rocznik 6 (2020) ISSN 0044-183X Pandemia koronawirusa sprowokowa\u0142a badaczy z Wydzia\u0142u Humanistycznego Uniwersytetu \u015al\u0105skiego do przestudiowania dziej\u00f3w wielkich chor\u00f3b n\u0119kaj\u0105cych Europ\u0119, a w szczeg\u00f3lno\u015bci terytorium dzisiejszego wojew\u00f3dztwa \u015bl\u0105skiego od epoki \u015bredniowiecznej po wiek XX. Autorzy pisz\u0105 o czarnej \u015bmierci, kt\u00f3ra dotar\u0142a na terytorium G\u00f3rnego \u015al\u0105ska i Ma\u0142opolski Zachodniej ju\u017c w wiekach \u015brednich, o d\u017cumie w<\/p>\n<div class=\"read-more-wrapper\"><a class=\"read-more\" href=\"https:\/\/ibr.bs.katowice.pl\/?p=3120\" title=\"Read More\"> <span class=\"button \">Read More<\/span><\/a><\/div>\n","protected":false},"author":2,"featured_media":3116,"comment_status":"closed","ping_status":"open","sticky":false,"template":"","format":"standard","meta":{"footnotes":""},"categories":[1,66,54],"tags":[],"class_list":["post-3120","post","type-post","status-publish","format-standard","has-post-thumbnail","hentry","category-aktu","category-numery-archiwalne","category-zaranie"],"_links":{"self":[{"href":"https:\/\/ibr.bs.katowice.pl\/index.php?rest_route=\/wp\/v2\/posts\/3120","targetHints":{"allow":["GET"]}}],"collection":[{"href":"https:\/\/ibr.bs.katowice.pl\/index.php?rest_route=\/wp\/v2\/posts"}],"about":[{"href":"https:\/\/ibr.bs.katowice.pl\/index.php?rest_route=\/wp\/v2\/types\/post"}],"author":[{"embeddable":true,"href":"https:\/\/ibr.bs.katowice.pl\/index.php?rest_route=\/wp\/v2\/users\/2"}],"replies":[{"embeddable":true,"href":"https:\/\/ibr.bs.katowice.pl\/index.php?rest_route=%2Fwp%2Fv2%2Fcomments&post=3120"}],"version-history":[{"count":3,"href":"https:\/\/ibr.bs.katowice.pl\/index.php?rest_route=\/wp\/v2\/posts\/3120\/revisions"}],"predecessor-version":[{"id":3551,"href":"https:\/\/ibr.bs.katowice.pl\/index.php?rest_route=\/wp\/v2\/posts\/3120\/revisions\/3551"}],"wp:featuredmedia":[{"embeddable":true,"href":"https:\/\/ibr.bs.katowice.pl\/index.php?rest_route=\/wp\/v2\/media\/3116"}],"wp:attachment":[{"href":"https:\/\/ibr.bs.katowice.pl\/index.php?rest_route=%2Fwp%2Fv2%2Fmedia&parent=3120"}],"wp:term":[{"taxonomy":"category","embeddable":true,"href":"https:\/\/ibr.bs.katowice.pl\/index.php?rest_route=%2Fwp%2Fv2%2Fcategories&post=3120"},{"taxonomy":"post_tag","embeddable":true,"href":"https:\/\/ibr.bs.katowice.pl\/index.php?rest_route=%2Fwp%2Fv2%2Ftags&post=3120"}],"curies":[{"name":"wp","href":"https:\/\/api.w.org\/{rel}","templated":true}]}}