{"id":3015,"date":"2020-02-21T07:42:47","date_gmt":"2020-02-21T07:42:47","guid":{"rendered":"http:\/\/ibr.bs.katowice.pl\/?p=3015"},"modified":"2020-02-21T07:42:49","modified_gmt":"2020-02-21T07:42:49","slug":"zmarl-prof-jacek-lyszczyna","status":"publish","type":"post","link":"https:\/\/ibr.bs.katowice.pl\/?p=3015","title":{"rendered":"Zmar\u0142 prof. Jacek Lyszczyna"},"content":{"rendered":"\n<p> Z \u017calem przyj\u0119li\u015bmy wiadomo\u015b\u0107 o \u015bmierci \u015bp. prof. dr. hab. Jacka Lyszczyny, wieloletniego pracownika Wydzia\u0142u Filologicznego Uniwersytetu \u015al\u0105skiego w Katowicach, literaturoznawcy, t\u0142umacza, znawcy epoki romantyzmu i dziewi\u0119tnastowiecznej literatury \u015bl\u0105skiej, kt\u00f3ry wsp\u00f3\u0142pracowa\u0142 z Instytutem Bada\u0144 Regionalnych Biblioteki \u015al\u0105skiej. Za swoje zas\u0142ugi prof. Lyszczyn\u0119 odznaczono Srebrnym Krzy\u017cem Zas\u0142ugi (2005), Z\u0142otym Medalem \u201eZa zas\u0142ugi dla Uniwersytetu \u015al\u0105skiego\u201d (2007) oraz           Z\u0142ot\u0105 Odznak\u0105 \u201eZa zas\u0142ugi dla wojew\u00f3dztwa \u015bl\u0105skiego\u201d (2010). Jego odej\u015bcie to ogromna strata dla nauki i kultury. <\/p>\n","protected":false},"excerpt":{"rendered":"<p>Z \u017calem przyj\u0119li\u015bmy wiadomo\u015b\u0107 o \u015bmierci \u015bp. prof. dr. hab. Jacka Lyszczyny, wieloletniego pracownika Wydzia\u0142u Filologicznego Uniwersytetu \u015al\u0105skiego w Katowicach, literaturoznawcy, t\u0142umacza, znawcy epoki romantyzmu i dziewi\u0119tnastowiecznej literatury \u015bl\u0105skiej, kt\u00f3ry wsp\u00f3\u0142pracowa\u0142 z Instytutem Bada\u0144 Regionalnych Biblioteki \u015al\u0105skiej. Za swoje zas\u0142ugi prof. Lyszczyn\u0119 odznaczono Srebrnym Krzy\u017cem Zas\u0142ugi (2005), Z\u0142otym Medalem \u201eZa zas\u0142ugi dla Uniwersytetu \u015al\u0105skiego\u201d (2007)<\/p>\n<div class=\"read-more-wrapper\"><a class=\"read-more\" href=\"https:\/\/ibr.bs.katowice.pl\/?p=3015\" title=\"Read More\"> <span class=\"button \">Read More<\/span><\/a><\/div>\n","protected":false},"author":2,"featured_media":0,"comment_status":"closed","ping_status":"open","sticky":false,"template":"","format":"standard","meta":{"footnotes":""},"categories":[1],"tags":[],"class_list":["post-3015","post","type-post","status-publish","format-standard","hentry","category-aktu"],"_links":{"self":[{"href":"https:\/\/ibr.bs.katowice.pl\/index.php?rest_route=\/wp\/v2\/posts\/3015","targetHints":{"allow":["GET"]}}],"collection":[{"href":"https:\/\/ibr.bs.katowice.pl\/index.php?rest_route=\/wp\/v2\/posts"}],"about":[{"href":"https:\/\/ibr.bs.katowice.pl\/index.php?rest_route=\/wp\/v2\/types\/post"}],"author":[{"embeddable":true,"href":"https:\/\/ibr.bs.katowice.pl\/index.php?rest_route=\/wp\/v2\/users\/2"}],"replies":[{"embeddable":true,"href":"https:\/\/ibr.bs.katowice.pl\/index.php?rest_route=%2Fwp%2Fv2%2Fcomments&post=3015"}],"version-history":[{"count":0,"href":"https:\/\/ibr.bs.katowice.pl\/index.php?rest_route=\/wp\/v2\/posts\/3015\/revisions"}],"wp:attachment":[{"href":"https:\/\/ibr.bs.katowice.pl\/index.php?rest_route=%2Fwp%2Fv2%2Fmedia&parent=3015"}],"wp:term":[{"taxonomy":"category","embeddable":true,"href":"https:\/\/ibr.bs.katowice.pl\/index.php?rest_route=%2Fwp%2Fv2%2Fcategories&post=3015"},{"taxonomy":"post_tag","embeddable":true,"href":"https:\/\/ibr.bs.katowice.pl\/index.php?rest_route=%2Fwp%2Fv2%2Ftags&post=3015"}],"curies":[{"name":"wp","href":"https:\/\/api.w.org\/{rel}","templated":true}]}}