{"id":2778,"date":"2019-08-26T10:38:12","date_gmt":"2019-08-26T10:38:12","guid":{"rendered":"http:\/\/ibr.bs.katowice.pl\/?p=2778"},"modified":"2019-08-26T10:43:46","modified_gmt":"2019-08-26T10:43:46","slug":"zmarla-dr-lucja-staniczek","status":"publish","type":"post","link":"https:\/\/ibr.bs.katowice.pl\/?p=2778","title":{"rendered":"Zmar\u0142a dr \u0141ucja Staniczek"},"content":{"rendered":"\n<p>23 sierpnia zmar\u0142a dr \u0141ucja Staniczek \u2013 przez wiele lat wsp\u00f3\u0142pracowa\u0142a z Instytutem Bada\u0144 Regionalnych, by\u0142a inicjatork\u0105 konkursu Olimpiada Wiedzy o G\u00f3rnym \u015al\u0105sku oraz jego g\u0142\u00f3wn\u0105 koordynatork\u0105 z ramienia Zwi\u0105zku G\u00f3rno\u015bl\u0105skiego. Konkurs, kt\u00f3ry zapocz\u0105tkowa\u0142a, by\u0142 jednym z symboli tego, jak wa\u017cn\u0105 rol\u0119 w jej \u017cyciu odgrywa\u0142 G\u00f3rny \u015al\u0105sk. Dzi\u0119ki swojemu zaanga\u017cowaniu, pasji oraz ogromnemu nak\u0142adowi pracy rozpowszechnia\u0142a w\u015br\u00f3d m\u0142odych ludzi wiedz\u0119 o literaturze, kulturze i historii tego regionu.<\/p>\n","protected":false},"excerpt":{"rendered":"<p>23 sierpnia zmar\u0142a dr \u0141ucja Staniczek \u2013 przez wiele lat wsp\u00f3\u0142pracowa\u0142a z Instytutem Bada\u0144 Regionalnych, by\u0142a inicjatork\u0105 konkursu Olimpiada Wiedzy o G\u00f3rnym \u015al\u0105sku oraz jego g\u0142\u00f3wn\u0105 koordynatork\u0105 z ramienia Zwi\u0105zku G\u00f3rno\u015bl\u0105skiego. Konkurs, kt\u00f3ry zapocz\u0105tkowa\u0142a, by\u0142 jednym z symboli tego, jak wa\u017cn\u0105 rol\u0119 w jej \u017cyciu odgrywa\u0142 G\u00f3rny \u015al\u0105sk. Dzi\u0119ki swojemu zaanga\u017cowaniu, pasji oraz ogromnemu nak\u0142adowi<\/p>\n<div class=\"read-more-wrapper\"><a class=\"read-more\" href=\"https:\/\/ibr.bs.katowice.pl\/?p=2778\" title=\"Read More\"> <span class=\"button \">Read More<\/span><\/a><\/div>\n","protected":false},"author":2,"featured_media":2779,"comment_status":"closed","ping_status":"open","sticky":false,"template":"","format":"standard","meta":{"footnotes":""},"categories":[1],"tags":[],"class_list":["post-2778","post","type-post","status-publish","format-standard","has-post-thumbnail","hentry","category-aktu"],"_links":{"self":[{"href":"https:\/\/ibr.bs.katowice.pl\/index.php?rest_route=\/wp\/v2\/posts\/2778","targetHints":{"allow":["GET"]}}],"collection":[{"href":"https:\/\/ibr.bs.katowice.pl\/index.php?rest_route=\/wp\/v2\/posts"}],"about":[{"href":"https:\/\/ibr.bs.katowice.pl\/index.php?rest_route=\/wp\/v2\/types\/post"}],"author":[{"embeddable":true,"href":"https:\/\/ibr.bs.katowice.pl\/index.php?rest_route=\/wp\/v2\/users\/2"}],"replies":[{"embeddable":true,"href":"https:\/\/ibr.bs.katowice.pl\/index.php?rest_route=%2Fwp%2Fv2%2Fcomments&post=2778"}],"version-history":[{"count":0,"href":"https:\/\/ibr.bs.katowice.pl\/index.php?rest_route=\/wp\/v2\/posts\/2778\/revisions"}],"wp:featuredmedia":[{"embeddable":true,"href":"https:\/\/ibr.bs.katowice.pl\/index.php?rest_route=\/wp\/v2\/media\/2779"}],"wp:attachment":[{"href":"https:\/\/ibr.bs.katowice.pl\/index.php?rest_route=%2Fwp%2Fv2%2Fmedia&parent=2778"}],"wp:term":[{"taxonomy":"category","embeddable":true,"href":"https:\/\/ibr.bs.katowice.pl\/index.php?rest_route=%2Fwp%2Fv2%2Fcategories&post=2778"},{"taxonomy":"post_tag","embeddable":true,"href":"https:\/\/ibr.bs.katowice.pl\/index.php?rest_route=%2Fwp%2Fv2%2Ftags&post=2778"}],"curies":[{"name":"wp","href":"https:\/\/api.w.org\/{rel}","templated":true}]}}