{"id":2684,"date":"2016-01-07T10:41:18","date_gmt":"2016-01-07T09:41:18","guid":{"rendered":"http:\/\/ibr.bs.katowice.pl\/?p=2684"},"modified":"2023-02-16T10:58:32","modified_gmt":"2023-02-16T09:58:32","slug":"drugi-numer-zaranie-slaskie-seria-druga","status":"publish","type":"post","link":"https:\/\/ibr.bs.katowice.pl\/?p=2684","title":{"rendered":"Drugi numer \u2013 Zaranie \u015al\u0105skie. Seria druga"},"content":{"rendered":"\n<h2 class=\"wp-block-heading\">Rocznik 2 (2016)<\/h2>\n\n\n\n<p>ISSN 0044-183X<\/p>\n\n\n\n<p>Oddany do r\u0105k Czytelnik\u00f3w drugi numer nowej serii \u201eZarania \u015al\u0105skiego\u201d zawiera artyku\u0142y najwybitniejszych znawc\u00f3w historii Ko\u015bcio\u0142a katolickiego w Polsce w XX wieku. Zmierzyli si\u0119 oni z nadal bardzo trudnymi tematami zwi\u0105zanymi z dzia\u0142alno\u015bci\u0105 polityczn\u0105 ks. Prymasa Augusta Hlonda, w tym m.in. z jego wizj\u0105 Pa\u0144stwa Polskiego i rol\u0105 w nim Ko\u015bcio\u0142a katolickiego, ocen\u0105 pozycji Prymasa w odrodzonej Polsce, stosunku do problemu \u017cydowskiego, zaanga\u017cowaniem w starania Polski o ustalenie granicy zachodniej Rzeczypospolitej po II wojnie \u015bwiatowej. Tom zawiera tak\u017ce por\u00f3wnanie w godzinie pr\u00f3by Prymasa Hlonda do innych przyw\u00f3dc\u00f3w Ko\u015bcio\u0142a katolickiego w Europie \u015arodkowo-Wschodniej. W tym numerze kontynuujemy druk wykazu ksi\u0105\u017cek z wszystkich dyscyplin naukowych, ale po\u015bwi\u0119conych wy\u0142\u0105cznie \u015al\u0105skowi. Tym razem bibliografia obejmuje rok 2013.<\/p>\n\n\n\n<p class=\"has-text-color\" style=\"color:#0682ca\"><strong>Ca\u0142y numer PDF<\/strong><\/p>\n\n\n\n<p class=\"has-vivid-cyan-blue-color has-text-color\">Spis tre\u015bci<\/p>\n\n\n\n<p><a href=\"https:\/\/ibr.bs.katowice.pl\/wp-content\/uploads\/2023\/02\/Zaranie-Slaskie.-Seria-druga-2016-r-2-Wstep.pdf\">Ryszard Kaczmarek, ks. Jerzy Myszor, <em>Wst\u0119p<\/em><\/a><\/p>\n\n\n\n<p><strong>STUDIA<\/strong><\/p>\n\n\n\n<p><a href=\"https:\/\/ibr.bs.katowice.pl\/wp-content\/uploads\/2023\/02\/Zaranie-Slaskie.-Seria-druga-2016-R2-A.-Grajewski.pdf\">Andrzej Grajewski, <em>Przyw\u00f3dcy Ko\u015bcio\u0142a katolickiego w Europie \u015arodkowo-Wschodniej wobec komunizmu<br>i nowego \u0142adu europejskiego w XX wieku<\/em><\/a><\/p>\n\n\n\n<p><a href=\"https:\/\/ibr.bs.katowice.pl\/wp-content\/uploads\/2023\/02\/Zaranie-Slaskie.-Seria-druga-2016-R2-B.-Kolodziej.pdf\">Bernard Ko\u0142odziej, <em>My\u015bl pastoralna prymasa Polski, kardyna\u0142a Augusta Hlonda<\/em><\/a><\/p>\n\n\n\n<p><a href=\"https:\/\/ibr.bs.katowice.pl\/wp-content\/uploads\/2023\/02\/Zaranie-Slaskie.-Seria-druga-2016-R2-J.-Pietrzak.pdf\">Jerzy Pietrzak, <em>Kardyna\u0142 August Hlond a pa\u0144stwo polskie<\/em><\/a><\/p>\n\n\n\n<p><a href=\"https:\/\/ibr.bs.katowice.pl\/wp-content\/uploads\/2023\/02\/Zaranie-Slaskie.-Seria-druga-2016-R2-J.Myszor.pdf\">Jerzy Myszor, <em>Problem przyw\u00f3dztwa w Ko\u015bciele katolickim w Polsce w latach 1939\u20131948<\/em><\/a><\/p>\n\n\n\n<p><a href=\"https:\/\/ibr.bs.katowice.pl\/wp-content\/uploads\/2023\/02\/Zaranie-Slaskie.-Seria-druga-2016-R2-J.-Zaryn.pdf\">Jan \u017baryn, <em>Prymas August Hlond wobec pogromu kieleckiego<\/em><\/a><\/p>\n\n\n\n<p><a href=\"https:\/\/ibr.bs.katowice.pl\/wp-content\/uploads\/2023\/02\/Zaranie-Slaskie.-Seria-druga-2016-R2-S.-Wilk.pdf\">Ks. Stanis\u0142aw Wilk, <em>Stolica Apostolska wobec administrator\u00f3w apostolskich powo\u0142anych przez kard. Augusta Hlonda<\/em><\/a><\/p>\n\n\n\n<p><strong>MISCELLANEA<\/strong><\/p>\n\n\n\n<p><a href=\"https:\/\/ibr.bs.katowice.pl\/wp-content\/uploads\/2023\/02\/Zaranie-Slaskie.-Seria-druga-2016-R2-R.-Smolorz.pdf\">Roman Smolorz, <em>Wizyty ch\u00f3ru kapitulnego z Ratyzbony na niemieckim G\u00f3rnym \u015al\u0105sku i w Polsce w 1936 i w 1940 roku. Przyczynek do dziej\u00f3w stosunk\u00f3w katolik\u00f3w polskich i niemieckich w okresie nazistowskim<\/em><\/a><\/p>\n\n\n\n<p>Roman Smolorz, <em>Der Regensburger Domchor im oberschlesischen Grenzgebiet und in Polen 1936 und 1940. Zum deutschen und polnischen Katholizismus in der NS-Zeit<\/em><\/p>\n\n\n\n<p><strong>RECENZJE<\/strong><\/p>\n\n\n\n<p><a href=\"https:\/\/ibr.bs.katowice.pl\/wp-content\/uploads\/2023\/02\/Zaranie-Slaskie.-Seria-druga-2016-R2-D.-Nawrot.pdf\">Dariusz Nawrot, <em>Recenzja pracy Henryk Koc\u00f3j, Dyplomaci sascy o powstaniu listopadowym Wydawnictwo Uniwersytetu Jagiello\u0144skiego, Krak\u00f3w 2014, 380 stron<\/em><\/a><\/p>\n\n\n\n<p><strong>BIBLIOGRAFIA<\/strong><\/p>\n\n\n\n<p class=\"has-vivid-cyan-blue-color has-text-color\">Agnieszka Magiera, <em>Pi\u015bmiennictwo o \u015al\u0105sku w wyborze (2013)<\/em><\/p>\n\n\n\n<p><a href=\"https:\/\/ibr.bs.katowice.pl\/wp-content\/uploads\/2023\/01\/zaranie_8_suplement_krystian_wegrzynek_s_157-173.pdf\"><\/a><\/p>\n","protected":false},"excerpt":{"rendered":"<p>Rocznik 2 (2016) ISSN 0044-183X Oddany do r\u0105k Czytelnik\u00f3w drugi numer nowej serii \u201eZarania \u015al\u0105skiego\u201d zawiera artyku\u0142y najwybitniejszych znawc\u00f3w historii Ko\u015bcio\u0142a katolickiego w Polsce w XX wieku. Zmierzyli si\u0119 oni z nadal bardzo trudnymi tematami zwi\u0105zanymi z dzia\u0142alno\u015bci\u0105 polityczn\u0105 ks. Prymasa Augusta Hlonda, w tym m.in. z jego wizj\u0105 Pa\u0144stwa Polskiego i rol\u0105 w nim<\/p>\n<div class=\"read-more-wrapper\"><a class=\"read-more\" href=\"https:\/\/ibr.bs.katowice.pl\/?p=2684\" title=\"Read More\"> <span class=\"button \">Read More<\/span><\/a><\/div>\n","protected":false},"author":2,"featured_media":2685,"comment_status":"closed","ping_status":"open","sticky":false,"template":"","format":"standard","meta":{"footnotes":""},"categories":[1,66,54],"tags":[],"class_list":["post-2684","post","type-post","status-publish","format-standard","has-post-thumbnail","hentry","category-aktu","category-numery-archiwalne","category-zaranie"],"_links":{"self":[{"href":"https:\/\/ibr.bs.katowice.pl\/index.php?rest_route=\/wp\/v2\/posts\/2684","targetHints":{"allow":["GET"]}}],"collection":[{"href":"https:\/\/ibr.bs.katowice.pl\/index.php?rest_route=\/wp\/v2\/posts"}],"about":[{"href":"https:\/\/ibr.bs.katowice.pl\/index.php?rest_route=\/wp\/v2\/types\/post"}],"author":[{"embeddable":true,"href":"https:\/\/ibr.bs.katowice.pl\/index.php?rest_route=\/wp\/v2\/users\/2"}],"replies":[{"embeddable":true,"href":"https:\/\/ibr.bs.katowice.pl\/index.php?rest_route=%2Fwp%2Fv2%2Fcomments&post=2684"}],"version-history":[{"count":5,"href":"https:\/\/ibr.bs.katowice.pl\/index.php?rest_route=\/wp\/v2\/posts\/2684\/revisions"}],"predecessor-version":[{"id":3672,"href":"https:\/\/ibr.bs.katowice.pl\/index.php?rest_route=\/wp\/v2\/posts\/2684\/revisions\/3672"}],"wp:featuredmedia":[{"embeddable":true,"href":"https:\/\/ibr.bs.katowice.pl\/index.php?rest_route=\/wp\/v2\/media\/2685"}],"wp:attachment":[{"href":"https:\/\/ibr.bs.katowice.pl\/index.php?rest_route=%2Fwp%2Fv2%2Fmedia&parent=2684"}],"wp:term":[{"taxonomy":"category","embeddable":true,"href":"https:\/\/ibr.bs.katowice.pl\/index.php?rest_route=%2Fwp%2Fv2%2Fcategories&post=2684"},{"taxonomy":"post_tag","embeddable":true,"href":"https:\/\/ibr.bs.katowice.pl\/index.php?rest_route=%2Fwp%2Fv2%2Ftags&post=2684"}],"curies":[{"name":"wp","href":"https:\/\/api.w.org\/{rel}","templated":true}]}}