{"id":2583,"date":"2019-04-02T13:35:39","date_gmt":"2019-04-02T13:35:39","guid":{"rendered":"http:\/\/ibr.bs.katowice.pl\/?p=2583"},"modified":"2019-04-02T13:35:41","modified_gmt":"2019-04-02T13:35:41","slug":"wyniki-finalu-viii-edycji-olimpiady","status":"publish","type":"post","link":"https:\/\/ibr.bs.katowice.pl\/?p=2583","title":{"rendered":"Wyniki Fina\u0142u VIII edycji Olimpiady"},"content":{"rendered":"\n<p><strong>Wyniki Fina\u0142u<\/strong><\/p>\n\n\n\n<p>29 marca 2019 r. w&nbsp;Bibliotece \u015al\u0105skiej mia\u0142y miejsce zawody fina\u0142owe VIII edycji konkursu: Olimpiada Wiedzy o&nbsp;G\u00f3rnym \u015al\u0105sku, tegoroczne zmagania przebiega\u0142y pod&nbsp;has\u0142em:&nbsp;<strong><em>Odra. Przyrodnicze, gospodarcze i&nbsp;kulturowe znaczenie rzeki.<\/em><\/strong><\/p>\n\n\n\n<p>Uczestnicy musieli najpierw napisa\u0107 test z&nbsp;wiedzy o&nbsp;G\u00f3rnym \u015al\u0105sku, pytania dotyczy\u0142y: geografii, historii, literatury oraz&nbsp;dziedzictwa kulturowego G\u00f3rnego \u015al\u0105ska. Po&nbsp;pozytywnym zaliczeniu testu, mogli zaprezentowa\u0107 swoj\u0105 prac\u0119 przez&nbsp;komisj\u0105 i&nbsp;odpowiedzie\u0107 na&nbsp;pytania.<\/p>\n\n\n\n<p>Po&nbsp;podsumowaniu wynik\u00f3w z&nbsp;obu cz\u0119\u015bci tytu\u0142&nbsp;<strong>laureata zdobyli:<\/strong><\/p>\n\n\n\n<p>I&nbsp;miejsce \u2013 Wojciech Kondrot, ZSU Rybnik<\/p>\n\n\n\n<p>II miejsce \u2013 Kacper \u015awierczek, ZS Olesno<\/p>\n\n\n\n<p>III miejsce \u2013 Filip Kubin, II LO Krak\u00f3w<\/p>\n\n\n\n<p>Kamil Gro\u0144, ZSO II Ruda \u015al\u0105ska<\/p>\n\n\n\n<p>Agata Wr\u00f3bel, IV LO Tychy<\/p>\n\n\n\n<p>Magdalena \u017by\u0142a, ZSE Cieszyn<\/p>\n\n\n\n<p>Daria Jaroszek, II LO Rybnik<\/p>\n\n\n\n<p>Ewelina Knopek, II LO Cieszyn<\/p>\n\n\n\n<p>Judyta Ledwo\u0144, II LO&nbsp;Rybnik<\/p>\n\n\n\n<p><strong>Finalistami<\/strong>&nbsp; konkursu zostali (w&nbsp;kolejno\u015bci alfabetycznej):<\/p>\n\n\n\n<p>Micha\u0142 Bartusek, VIII LO Katowice<\/p>\n\n\n\n<p>Zofia Jelonek, ZS Olesno<\/p>\n\n\n\n<p>Weronika Mo\u0142czan, X&nbsp;LO Katowice<\/p>\n\n\n\n<p>Adrianna Pilawa, I&nbsp;LO Mys\u0142owice<\/p>\n\n\n\n<p>Kinga Pustelnik, ZSU Rybnik<\/p>\n\n\n\n<p>Kamila \u015amieja, ZSPM Katowice<\/p>\n\n\n\n<p>Klaudia Trojok, II LO Miko\u0142\u00f3w<\/p>\n\n\n\n<p>Cezary Wr\u00f3bel, ZSO II Ruda \u015al\u0105ska<\/p>\n\n\n\n<p>Organizatorami Olimpiady Wiedzy o\u00a0G\u00f3rnym \u015al\u0105sku s\u0105: Instytut Bada\u0144 Regionalnych Biblioteki \u015al\u0105skiej i\u00a0Zwi\u0105zek G\u00f3rno\u015bl\u0105ski. Nad\u00a0jej przebiegiem czuwa Komitet G\u0142\u00f3wny Olimpiady wraz z\u00a0Komitetem Honorowym.<\/p>\n\n\n\n<p>Nagrody rzeczowe dla laureat\u00f3w i finalist\u00f3w zosta\u0142y ufundowane przez <strong>Urz\u0105d Marsza\u0142kowski Wojew\u00f3dztwa \u015al\u0105skiego<\/strong><\/p>\n","protected":false},"excerpt":{"rendered":"<p>Wyniki Fina\u0142u 29 marca 2019 r. w&nbsp;Bibliotece \u015al\u0105skiej mia\u0142y miejsce zawody fina\u0142owe VIII edycji konkursu: Olimpiada Wiedzy o&nbsp;G\u00f3rnym \u015al\u0105sku, tegoroczne zmagania przebiega\u0142y pod&nbsp;has\u0142em:&nbsp;Odra. Przyrodnicze, gospodarcze i&nbsp;kulturowe znaczenie rzeki. Uczestnicy musieli najpierw napisa\u0107 test z&nbsp;wiedzy o&nbsp;G\u00f3rnym \u015al\u0105sku, pytania dotyczy\u0142y: geografii, historii, literatury oraz&nbsp;dziedzictwa kulturowego G\u00f3rnego \u015al\u0105ska. Po&nbsp;pozytywnym zaliczeniu testu, mogli zaprezentowa\u0107 swoj\u0105 prac\u0119 przez&nbsp;komisj\u0105 i&nbsp;odpowiedzie\u0107 na&nbsp;pytania.<\/p>\n<div class=\"read-more-wrapper\"><a class=\"read-more\" href=\"https:\/\/ibr.bs.katowice.pl\/?p=2583\" title=\"Read More\"> <span class=\"button \">Read More<\/span><\/a><\/div>\n","protected":false},"author":2,"featured_media":2587,"comment_status":"closed","ping_status":"open","sticky":false,"template":"","format":"standard","meta":{"footnotes":""},"categories":[1,60],"tags":[],"class_list":["post-2583","post","type-post","status-publish","format-standard","has-post-thumbnail","hentry","category-aktu","category-konkurs-owogs"],"_links":{"self":[{"href":"https:\/\/ibr.bs.katowice.pl\/index.php?rest_route=\/wp\/v2\/posts\/2583","targetHints":{"allow":["GET"]}}],"collection":[{"href":"https:\/\/ibr.bs.katowice.pl\/index.php?rest_route=\/wp\/v2\/posts"}],"about":[{"href":"https:\/\/ibr.bs.katowice.pl\/index.php?rest_route=\/wp\/v2\/types\/post"}],"author":[{"embeddable":true,"href":"https:\/\/ibr.bs.katowice.pl\/index.php?rest_route=\/wp\/v2\/users\/2"}],"replies":[{"embeddable":true,"href":"https:\/\/ibr.bs.katowice.pl\/index.php?rest_route=%2Fwp%2Fv2%2Fcomments&post=2583"}],"version-history":[{"count":0,"href":"https:\/\/ibr.bs.katowice.pl\/index.php?rest_route=\/wp\/v2\/posts\/2583\/revisions"}],"wp:featuredmedia":[{"embeddable":true,"href":"https:\/\/ibr.bs.katowice.pl\/index.php?rest_route=\/wp\/v2\/media\/2587"}],"wp:attachment":[{"href":"https:\/\/ibr.bs.katowice.pl\/index.php?rest_route=%2Fwp%2Fv2%2Fmedia&parent=2583"}],"wp:term":[{"taxonomy":"category","embeddable":true,"href":"https:\/\/ibr.bs.katowice.pl\/index.php?rest_route=%2Fwp%2Fv2%2Fcategories&post=2583"},{"taxonomy":"post_tag","embeddable":true,"href":"https:\/\/ibr.bs.katowice.pl\/index.php?rest_route=%2Fwp%2Fv2%2Ftags&post=2583"}],"curies":[{"name":"wp","href":"https:\/\/api.w.org\/{rel}","templated":true}]}}