{"id":2453,"date":"2018-09-09T13:12:56","date_gmt":"2018-09-09T13:12:56","guid":{"rendered":"http:\/\/ibr.bs.katowice.pl\/?p=2453"},"modified":"2019-01-09T12:45:26","modified_gmt":"2019-01-09T12:45:26","slug":"platforma-edukacji-regionalnej-edus","status":"publish","type":"post","link":"https:\/\/ibr.bs.katowice.pl\/?p=2453","title":{"rendered":"Platforma Edukacji Regionalnej Edu\u015b"},"content":{"rendered":"\n<div class=\"wp-block-image\"><figure class=\"alignleft is-resized\"><img loading=\"lazy\" decoding=\"async\" src=\"https:\/\/ibr.bs.katowice.pl\/wp-content\/uploads\/2016\/02\/12204493_1102444113114097_563738880_o-758x1024.jpg\" alt=\"\" class=\"wp-image-1743\" width=\"219\" height=\"296\" srcset=\"https:\/\/ibr.bs.katowice.pl\/wp-content\/uploads\/2016\/02\/12204493_1102444113114097_563738880_o-758x1024.jpg 758w, https:\/\/ibr.bs.katowice.pl\/wp-content\/uploads\/2016\/02\/12204493_1102444113114097_563738880_o-222x300.jpg 222w, https:\/\/ibr.bs.katowice.pl\/wp-content\/uploads\/2016\/02\/12204493_1102444113114097_563738880_o-768x1038.jpg 768w, https:\/\/ibr.bs.katowice.pl\/wp-content\/uploads\/2016\/02\/12204493_1102444113114097_563738880_o-600x811.jpg 600w, https:\/\/ibr.bs.katowice.pl\/wp-content\/uploads\/2016\/02\/12204493_1102444113114097_563738880_o.jpg 1515w\" sizes=\"auto, (max-width: 219px) 100vw, 219px\" \/><\/figure><\/div>\n\n\n\n<p><strong><a href=\"http:\/\/edus.ibrbs.pl\/\">Platforma Edu\u015b<\/a><\/strong><a href=\"http:\/\/edus.ibrbs.pl\/\">&nbsp;<\/a>to miejsce, gdzie znajduj\u0105 si\u0119 materia\u0142y do&nbsp;edukacji regionalnej przeznaczone dla uczni\u00f3w i&nbsp;nauczycieli z&nbsp;terenu wojew\u00f3dztwa \u015bl\u0105skiego.<\/p>\n\n\n\n<p><strong>Geneza Edu\u015b<\/strong><\/p>\n\n\n\n<p>Od&nbsp;samego pocz\u0105tku istnienia Instytut Bada\u0144 Regionalnych rozpocz\u0105\u0142 prace zmierzaj\u0105ce do&nbsp;wykorzystania w&nbsp;praktycznej edukacji szkolnej bada\u0144 regionalnych prowadzonych od&nbsp;wielu lat przez&nbsp;r\u00f3\u017cne plac\u00f3wki naukowe. Tak&nbsp;zrodzi\u0142a si\u0119 idea stworzenia Podr\u0119cznika Edukacji Regionalnej, bo w&nbsp;ten spos\u00f3b pocz\u0105tkowo nazwano cel projektu. IBR chcia\u0142 w&nbsp;ten spos\u00f3b, obok wype\u0142niania zada\u0144 naukowych, zaspokoi\u0107 r\u00f3wnie\u017c potrzeby utylitarne mieszka\u0144c\u00f3w regionu. Od&nbsp;wielu lat bezskutecznie pr\u00f3bowano opracowa\u0107 w&nbsp;miar\u0119 zwarty i&nbsp;wielodziedzinowy system pomocy szkolnych na&nbsp;potrzeby edukacji regionalnej. Po&nbsp;wst\u0119pnych pracach koncepcyjnych przewa\u017cy\u0142a idea stworzenia nie&nbsp;tradycyjnego podr\u0119cznika, ale&nbsp;nowoczesnej platformy cyfrowej, kt\u00f3rej&nbsp;ostatecznie nadano nazw\u0119&nbsp;<strong>Platforma<\/strong>&nbsp;<strong>Edukacji Regionalnej \u2013 Wojew\u00f3dztwo \u015al\u0105skie Przyroda, Spo\u0142ecze\u0144stwo, Kultura<\/strong>, w&nbsp;skr\u00f3cie \u2013&nbsp;<strong>Edu\u015b.<\/strong><\/p>\n\n\n\n<p>Edu\u015b, opr\u00f3cz temat\u00f3w obejmuj\u0105cych ca\u0142e wojew\u00f3dztwo \u015bl\u0105skie, gdzie ka\u017cdy z&nbsp;subregion\u00f3w znajduje tak\u017ce swoje odzwierciedlenie, zawiera r\u00f3wnie\u017c odr\u0119bne grupy temat\u00f3w przyporz\u0105dkowanych do&nbsp;wyra\u017anie odmiennych od&nbsp;cz\u0119\u015bci g\u00f3rno\u015bl\u0105skiej obszar\u00f3w. Autorzy nie&nbsp;mieli zamiaru tworzy\u0107 definicji tych obszar\u00f3w. Przyj\u0119ty przez&nbsp;nas podzia\u0142 na&nbsp;grupy zagadnie\u0144&nbsp;(1. G\u00f3rny \u015al\u0105sk;&nbsp;2. \u015al\u0105sk Cieszy\u0144ski. Zachodnia Ma\u0142opolska;&nbsp;3. Zag\u0142\u0119bie D\u0105browskie i&nbsp;ziemia zawiercia\u0144ska,&nbsp;4. Ziemia cz\u0119stochowska;&nbsp;5. Ziemia jaworznicko-chrzanowska)&nbsp;ma wyznacza\u0107 wi\u0119c&nbsp;tylko&nbsp;pewne obszary, gdzie zachodzi\u0142y swoiste procesy przyrodnicze, spo\u0142eczne albo&nbsp;kulturowe, a&nbsp;nie&nbsp;definiowa\u0107 regiony, lub tym bardziej wyznacza\u0107 ich granice. W&nbsp;tre\u015bciach lekcji ich tw\u00f3rcy odwo\u0142uj\u0105 si\u0119 zawsze do&nbsp;tego, czy&nbsp;chodzi nam o&nbsp;regiony historyczne, geograficzne, administracyjne czy&nbsp;kulturowe. Podzia\u0142 na&nbsp;grupy zamieszczony w&nbsp;spisie tre\u015bci ma za\u015b tylko&nbsp;u\u0142atwia\u0107 odnalezienie temat\u00f3w lekcji zwi\u0105zanych z&nbsp;miejscem zamieszkiwania.<\/p>\n\n\n\n<p><strong>Odbiorcy<\/strong><\/p>\n\n\n\n<p>Projekt zosta\u0142 przygotowany z&nbsp;my\u015bl\u0105 o&nbsp;uczniach szk\u00f3\u0142 gimnazjalnych i&nbsp;lice\u00f3w. Autorzy Projektu zdaj\u0105 sobie spraw\u0119 z&nbsp;wagi problemu wprowadzenia tre\u015bci zwi\u0105zanych z&nbsp;edukacj\u0105 regionaln\u0105 r\u00f3wnie\u017c na&nbsp;poziomie przedszkolnym i&nbsp;nauczania pocz\u0105tkowego. Takie sugestie pojawia\u0142y si\u0119 cz\u0119sto podczas spotka\u0144 z&nbsp;nauczycielami pracuj\u0105cych z&nbsp;m\u0142odszymi uczniami. W&nbsp;obecnej wersji kierujemy jednak Platform\u0119 do&nbsp;m\u0142odzie\u017cy starszej, w&nbsp;wieku 12-18&nbsp;lat, do&nbsp;tego przedzia\u0142u wiekowego by\u0142y dobierane tre\u015bci Edu\u015b.<\/p>\n\n\n\n<p>Tw\u00f3rcy Projektu, maj\u0105c \u015bwiadomo\u015b\u0107, \u017ce&nbsp;realizacja osobnego przedmiotu nauczania (\u015bcie\u017cki mi\u0119dzyprzedmiotowej), nie&nbsp;jest cz\u0119stym rozwi\u0105zaniem realizowanym w&nbsp;szkole, z&nbsp;g\u00f3ry za\u0142o\u017cyli pe\u0142n\u0105 swobod\u0119 korzystania przez&nbsp;nauczycieli poszczeg\u00f3lnych przedmiot\u00f3w z&nbsp;lekcji zawartych w&nbsp;Edu\u015b. Cele nauczania i&nbsp;tre\u015bci by\u0142y tak&nbsp;dobierane, by&nbsp;przy realizacji temat\u00f3w&nbsp;z poszczeg\u00f3lnych przedmiot\u00f3w wykorzystywa\u0107 istniej\u0105ce w&nbsp;bezpo\u015brednim otoczeniu uczni\u00f3w przyk\u0142ady. Nie&nbsp;oznacza to&nbsp;wi\u0119c&nbsp;konieczno\u015bci realizacji wszystkich proponowanych na&nbsp;platformie temat\u00f3w. Cech\u0105 zasadnicz\u0105 Edu\u015b jest pe\u0142na&nbsp;<strong>dowolno\u015b\u0107 wyboru zar\u00f3wno przedmiot\u00f3w, jak i&nbsp;fragment\u00f3w przygotowanych zagadnie\u0144<\/strong>. Jeste\u015bmy r\u00f3wnie\u017c \u015bwiadomi obszerno\u015bci poszczeg\u00f3lnych temat\u00f3w, ale&nbsp;zak\u0142adamy mo\u017cliwo\u015b\u0107 samodzielnej selekcji informacji przez&nbsp;nauczyciela i&nbsp;uczni\u00f3w.<\/p>\n\n\n\n<p>Dostarczamy nauczycielowi (ale&nbsp;tak\u017ce uczniom i&nbsp;rodzicom) propozycj\u0119 poszerzenia wiedzy i&nbsp;umiej\u0119tno\u015bci. Spos\u00f3b wykorzystania Platformy pozostaje&nbsp;wy\u0142\u0105cznie w&nbsp;gestii odbiorc\u00f3w.<\/p>\n\n\n\n<p><strong>Etapy &nbsp;realizacji Projektu<\/strong><\/p>\n\n\n\n<p>Do&nbsp;realizacji projektu przyst\u0105piono w&nbsp;2012&nbsp;roku. Opr\u00f3cz opracowania podstawowych za\u0142o\u017ce\u0144 Platformy, przeprowadzono analiz\u0119 wydawnictw podobnego typu, zar\u00f3wno w&nbsp;kraju jak i&nbsp;zagranic\u0105. Nawi\u0105zano w&nbsp;tym celu wsp\u00f3\u0142prac\u0119 z&nbsp;regionalnymi stowarzyszeniami zajmuj\u0105cymi si\u0119 od&nbsp;dawna edukacj\u0105 regionaln\u0105 i&nbsp;posiadaj\u0105cymi dzi\u0119ki zatrudnianym tam nauczycielom znaczne do\u015bwiadczenie zawodowe. Wst\u0119pn\u0105 koncepcj\u0119 Edu\u015b zaprezentowano na&nbsp;kilku spotkaniach z&nbsp;nauczycielami podczas warsztat\u00f3w eksperckich, a&nbsp;tak\u017ce w&nbsp;trakcie konferencji po\u015bwi\u0119conych edukacji regionalnej. Corocznie post\u0119py w&nbsp;realizacji Projektu konsultowa\u0142a Rada Naukowa IBR B\u015a, pracuj\u0105ca pod&nbsp;przewodnictwem prof.&nbsp;Dariusza Rotta.<\/p>\n\n\n\n<p>Ca\u0142o\u015b\u0107 prac merytorycznych nad&nbsp;przygotowaniem projektu&nbsp;powierzono&nbsp;<strong>dr. hab. Maciejowi Ficowi<\/strong>. Kierownikiem zespo\u0142u akademickiego, opracowuj\u0105cego za\u0142o\u017cenia naukowe, by\u0142&nbsp;<strong>dr&nbsp;hab. Lech Krzy\u017canowski<\/strong>. Kierownictwo zespo\u0142u dydaktycznego, odpowiedzialnego za&nbsp;dydaktyzacj\u0119 przygotowanych materia\u0142\u00f3w, obj\u0105\u0142&nbsp;&nbsp;<strong>dr&nbsp;hab. Adam Hibszer<\/strong>. Prace redakcyjne, koncepcyjne i&nbsp;techniczne organizowa\u0142a&nbsp;<strong>Anna Kubica<\/strong>&nbsp;reprezentuj\u0105ca IBR. Autorzy i&nbsp;recenzenci poszczeg\u00f3lnych lekcji pochodzili z&nbsp;r\u00f3\u017cnych o\u015brodk\u00f3w z&nbsp;ca\u0142ego wojew\u00f3dztwa \u015bl\u0105skiego. <\/p>\n\n\n\n<p>Podczas konferencji metodologicznej zorganizowanej przez&nbsp;IBR w&nbsp;pa\u017adzierniku 2012&nbsp;roku ustalono zakres dzia\u0142a\u0144 dla poszczeg\u00f3lnych cz\u0142onk\u00f3w zespo\u0142\u00f3w (makiet\u0119 podr\u0119cznika, liczb\u0119 stron, zasady przygotowania tekst\u00f3w autorskich). Przygotowano tak\u017ce wst\u0119pne zagadnienia, kt\u00f3re mia\u0142y zosta\u0107 rozwini\u0119te w&nbsp;tekstach autorskich. Przewidziano w\u00f3wczas zaprezentowanie gimnazjalistom i&nbsp;licealistom tematyki dotycz\u0105cej wojew\u00f3dztwa \u015bl\u0105skiego na&nbsp;kilku p\u0142aszczyznach: socjologicznej, politologicznej, historycznej, ekonomicznej, etnologicznej, j\u0119zykoznawczej i&nbsp;literaturoznawczej, kulturoznawczej, wiedzy o&nbsp;religii, geograficznej, biologicznej oraz&nbsp;odnosz\u0105cej si\u0119 do&nbsp;ochrony \u015brodowiska.<\/p>\n\n\n\n<p>W&nbsp;latach 2012-2013&nbsp;opracowano cz\u0119\u015b\u0107 \u201eakademick\u0105\u201d Edu\u015b. W&nbsp;kolejnych dw\u00f3ch latach prace nad&nbsp;Edu\u015b uleg\u0142y zahamowaniu, pojawi\u0142y si\u0119 trudno\u015bci w&nbsp;sfinansowaniu wersji elektronicznej. Dopiero od&nbsp;drugiej po\u0142owy 2015&nbsp;roku na&nbsp;nowo podj\u0119to intensywne prace nad&nbsp;Projektem. Zesp\u00f3\u0142 dokona\u0142 dydaktyzacji zgromadzonego materia\u0142u, a&nbsp;jednocze\u015bnie firma \u201eGorrion\u201d przygotowywa\u0142a technicznie platform\u0119 cyfrow\u0105. Od&nbsp;kwietnia 2016&nbsp;roku Platforma Edu\u015b znajdowa\u0142a si\u0119 w&nbsp;fazie test\u00f3w i&nbsp;sprawdzania narz\u0119dzi umo\u017cliwiaj\u0105cych jej wykorzystanie przez&nbsp;uczni\u00f3w i&nbsp;nauczycieli. Od&nbsp;czerwca 2016&nbsp;roku rozpocz\u0119to wprowadzanie 30&nbsp;pierwszych temat\u00f3w wybranych z&nbsp;wszystkich przewidywanych przedmiot\u00f3w.<\/p>\n\n\n\n<p>Od&nbsp;2017&nbsp;roku rozpocz\u0119li\u015bmy II etap projektu \u2013 przyjmowanie propozycji scenariuszy lekcji ze&nbsp;strony zainteresowanych nauczycieli regionalist\u00f3w. Przy wykorzystaniu istniej\u0105cej platformy cyfrowej b\u0119d\u0105 one edytowane jako dodatkowe lekcje edukacji regionalnej z&nbsp;poszczeg\u00f3lnych przedmiot\u00f3w. Zamierzamy tak\u017ce, po&nbsp;przeprowadzonych konsultacjach z&nbsp;nauczycielami i&nbsp;wszystkimi zainteresowanymi edukacj\u0105 regionaln\u0105, zaproponowa\u0107 tematy nast\u0119pnych lekcji obejmuj\u0105cych ca\u0142e wojew\u00f3dztwo \u015bl\u0105skie i&nbsp;wprowadzi\u0107 je do&nbsp;Edu\u015b.<\/p>\n","protected":false},"excerpt":{"rendered":"<p>Platforma Edu\u015b&nbsp;to miejsce, gdzie znajduj\u0105 si\u0119 materia\u0142y do&nbsp;edukacji regionalnej przeznaczone dla uczni\u00f3w i&nbsp;nauczycieli z&nbsp;terenu wojew\u00f3dztwa \u015bl\u0105skiego. Geneza Edu\u015b Od&nbsp;samego pocz\u0105tku istnienia Instytut Bada\u0144 Regionalnych rozpocz\u0105\u0142 prace zmierzaj\u0105ce do&nbsp;wykorzystania w&nbsp;praktycznej edukacji szkolnej bada\u0144 regionalnych prowadzonych od&nbsp;wielu lat przez&nbsp;r\u00f3\u017cne plac\u00f3wki naukowe. Tak&nbsp;zrodzi\u0142a si\u0119 idea stworzenia Podr\u0119cznika Edukacji Regionalnej, bo w&nbsp;ten spos\u00f3b pocz\u0105tkowo nazwano cel projektu. IBR chcia\u0142<\/p>\n<div class=\"read-more-wrapper\"><a class=\"read-more\" href=\"https:\/\/ibr.bs.katowice.pl\/?p=2453\" title=\"Read More\"> <span class=\"button \">Read More<\/span><\/a><\/div>\n","protected":false},"author":2,"featured_media":2456,"comment_status":"closed","ping_status":"open","sticky":false,"template":"","format":"standard","meta":{"footnotes":""},"categories":[48,45,57],"tags":[],"class_list":["post-2453","post","type-post","status-publish","format-standard","has-post-thumbnail","hentry","category-ed","category-edus","category-projekty"],"_links":{"self":[{"href":"https:\/\/ibr.bs.katowice.pl\/index.php?rest_route=\/wp\/v2\/posts\/2453","targetHints":{"allow":["GET"]}}],"collection":[{"href":"https:\/\/ibr.bs.katowice.pl\/index.php?rest_route=\/wp\/v2\/posts"}],"about":[{"href":"https:\/\/ibr.bs.katowice.pl\/index.php?rest_route=\/wp\/v2\/types\/post"}],"author":[{"embeddable":true,"href":"https:\/\/ibr.bs.katowice.pl\/index.php?rest_route=\/wp\/v2\/users\/2"}],"replies":[{"embeddable":true,"href":"https:\/\/ibr.bs.katowice.pl\/index.php?rest_route=%2Fwp%2Fv2%2Fcomments&post=2453"}],"version-history":[{"count":0,"href":"https:\/\/ibr.bs.katowice.pl\/index.php?rest_route=\/wp\/v2\/posts\/2453\/revisions"}],"wp:featuredmedia":[{"embeddable":true,"href":"https:\/\/ibr.bs.katowice.pl\/index.php?rest_route=\/wp\/v2\/media\/2456"}],"wp:attachment":[{"href":"https:\/\/ibr.bs.katowice.pl\/index.php?rest_route=%2Fwp%2Fv2%2Fmedia&parent=2453"}],"wp:term":[{"taxonomy":"category","embeddable":true,"href":"https:\/\/ibr.bs.katowice.pl\/index.php?rest_route=%2Fwp%2Fv2%2Fcategories&post=2453"},{"taxonomy":"post_tag","embeddable":true,"href":"https:\/\/ibr.bs.katowice.pl\/index.php?rest_route=%2Fwp%2Fv2%2Ftags&post=2453"}],"curies":[{"name":"wp","href":"https:\/\/api.w.org\/{rel}","templated":true}]}}