{"id":2364,"date":"2019-01-02T13:05:53","date_gmt":"2019-01-02T13:05:53","guid":{"rendered":"http:\/\/ibr.bs.katowice.pl\/?p=2364"},"modified":"2019-01-02T13:07:17","modified_gmt":"2019-01-02T13:07:17","slug":"zakonczenie-ii-roku-projektu-geohist","status":"publish","type":"post","link":"https:\/\/ibr.bs.katowice.pl\/?p=2364","title":{"rendered":"Zako\u0144czenie II roku projektu GEOHIST"},"content":{"rendered":"<p><a href=\"https:\/\/ibr.bs.katowice.pl\/wp-content\/uploads\/2019\/01\/logo-v3.jpg\"><img loading=\"lazy\" decoding=\"async\" class=\"alignleft wp-image-2368 size-thumbnail\" src=\"https:\/\/ibr.bs.katowice.pl\/wp-content\/uploads\/2019\/01\/logo-v3-150x150.jpg\" alt=\"\" width=\"150\" height=\"150\" srcset=\"https:\/\/ibr.bs.katowice.pl\/wp-content\/uploads\/2019\/01\/logo-v3-150x150.jpg 150w, https:\/\/ibr.bs.katowice.pl\/wp-content\/uploads\/2019\/01\/logo-v3-300x300.jpg 300w, https:\/\/ibr.bs.katowice.pl\/wp-content\/uploads\/2019\/01\/logo-v3-768x768.jpg 768w, https:\/\/ibr.bs.katowice.pl\/wp-content\/uploads\/2019\/01\/logo-v3-1024x1024.jpg 1024w\" sizes=\"auto, (max-width: 150px) 100vw, 150px\" \/><\/a>IBR B\u015a zako\u0144czy\u0142 II rok projektu. Uda\u0142o si\u0119 wykona\u0107 interaktywn\u0105 aplikacj\u0119 mapow\u0105 po\u0142\u0105czon\u0105 z baz\u0105 danych. W \u015aBC pojawia\u0107 si\u0119 b\u0119d\u0105 r\u00f3wnie\u017c kolejne numery czasopisma &#8222;Der Oberschlesische Wanderer&#8221; zdigitalizowane w ramach projektu. W roku 2019 planowane jest uzupe\u0142nianie bazy danych informacjami statystycznymi. Otwarcie projektu nast\u0105pi pod koniec 2019 roku.<\/p>\n<p>&nbsp;<\/p>\n<p>&nbsp;<\/p>\n<p>&nbsp;<\/p>\n<p><img loading=\"lazy\" decoding=\"async\" class=\"alignleft wp-image-2226 size-medium\" src=\"https:\/\/ibr.bs.katowice.pl\/wp-content\/uploads\/2018\/01\/Logo_Ministerstwa_Kultury_i_Dziedzictwa_Narodowego.svg_-300x181.png\" alt=\"\" width=\"300\" height=\"181\" srcset=\"https:\/\/ibr.bs.katowice.pl\/wp-content\/uploads\/2018\/01\/Logo_Ministerstwa_Kultury_i_Dziedzictwa_Narodowego.svg_-300x181.png 300w, https:\/\/ibr.bs.katowice.pl\/wp-content\/uploads\/2018\/01\/Logo_Ministerstwa_Kultury_i_Dziedzictwa_Narodowego.svg_-768x463.png 768w, https:\/\/ibr.bs.katowice.pl\/wp-content\/uploads\/2018\/01\/Logo_Ministerstwa_Kultury_i_Dziedzictwa_Narodowego.svg_-1024x618.png 1024w, https:\/\/ibr.bs.katowice.pl\/wp-content\/uploads\/2018\/01\/Logo_Ministerstwa_Kultury_i_Dziedzictwa_Narodowego.svg_.png 1280w\" sizes=\"auto, (max-width: 300px) 100vw, 300px\" \/><\/p>\n<p><strong>\u201eDofinansowano ze\u00a0\u015brodk\u00f3w Ministra Kultury i\u00a0Dziedzictwa Narodowego\u201d<\/strong><\/p>\n<p>&nbsp;<\/p>\n<p>&nbsp;<\/p>\n<p>&nbsp;<\/p>\n<p>&nbsp;<\/p>\n<p>&nbsp;<\/p>\n<p>&nbsp;<\/p>\n<p><a href=\"https:\/\/ibr.bs.katowice.pl\/wp-content\/uploads\/2019\/01\/geohist3.png\"><img loading=\"lazy\" decoding=\"async\" class=\"alignleft wp-image-2367 size-thumbnail\" src=\"https:\/\/ibr.bs.katowice.pl\/wp-content\/uploads\/2019\/01\/geohist3-150x150.png\" alt=\"\" width=\"150\" height=\"150\" \/><\/a> <a href=\"https:\/\/ibr.bs.katowice.pl\/wp-content\/uploads\/2019\/01\/geohist2.png\"><img loading=\"lazy\" decoding=\"async\" class=\"alignleft wp-image-2366 size-thumbnail\" src=\"https:\/\/ibr.bs.katowice.pl\/wp-content\/uploads\/2019\/01\/geohist2-150x150.png\" alt=\"\" width=\"150\" height=\"150\" \/><\/a> <a href=\"https:\/\/ibr.bs.katowice.pl\/wp-content\/uploads\/2019\/01\/geohist.png\"><img loading=\"lazy\" decoding=\"async\" class=\"alignleft wp-image-2365 size-thumbnail\" src=\"https:\/\/ibr.bs.katowice.pl\/wp-content\/uploads\/2019\/01\/geohist-150x150.png\" alt=\"\" width=\"150\" height=\"150\" \/><\/a><\/p>\n","protected":false},"excerpt":{"rendered":"<p>IBR B\u015a zako\u0144czy\u0142 II rok projektu. Uda\u0142o si\u0119 wykona\u0107 interaktywn\u0105 aplikacj\u0119 mapow\u0105 po\u0142\u0105czon\u0105 z baz\u0105 danych. W \u015aBC pojawia\u0107 si\u0119 b\u0119d\u0105 r\u00f3wnie\u017c kolejne numery czasopisma &#8222;Der Oberschlesische Wanderer&#8221; zdigitalizowane w ramach projektu. W roku 2019 planowane jest uzupe\u0142nianie bazy danych informacjami statystycznymi. Otwarcie projektu nast\u0105pi pod koniec 2019 roku. &nbsp; &nbsp; &nbsp; \u201eDofinansowano ze\u00a0\u015brodk\u00f3w Ministra<\/p>\n<div class=\"read-more-wrapper\"><a class=\"read-more\" href=\"https:\/\/ibr.bs.katowice.pl\/?p=2364\" title=\"Read More\"> <span class=\"button \">Read More<\/span><\/a><\/div>\n","protected":false},"author":2,"featured_media":2368,"comment_status":"closed","ping_status":"open","sticky":false,"template":"","format":"standard","meta":{"footnotes":""},"categories":[1,56],"tags":[],"class_list":["post-2364","post","type-post","status-publish","format-standard","has-post-thumbnail","hentry","category-aktu","category-geohist"],"_links":{"self":[{"href":"https:\/\/ibr.bs.katowice.pl\/index.php?rest_route=\/wp\/v2\/posts\/2364","targetHints":{"allow":["GET"]}}],"collection":[{"href":"https:\/\/ibr.bs.katowice.pl\/index.php?rest_route=\/wp\/v2\/posts"}],"about":[{"href":"https:\/\/ibr.bs.katowice.pl\/index.php?rest_route=\/wp\/v2\/types\/post"}],"author":[{"embeddable":true,"href":"https:\/\/ibr.bs.katowice.pl\/index.php?rest_route=\/wp\/v2\/users\/2"}],"replies":[{"embeddable":true,"href":"https:\/\/ibr.bs.katowice.pl\/index.php?rest_route=%2Fwp%2Fv2%2Fcomments&post=2364"}],"version-history":[{"count":0,"href":"https:\/\/ibr.bs.katowice.pl\/index.php?rest_route=\/wp\/v2\/posts\/2364\/revisions"}],"wp:featuredmedia":[{"embeddable":true,"href":"https:\/\/ibr.bs.katowice.pl\/index.php?rest_route=\/wp\/v2\/media\/2368"}],"wp:attachment":[{"href":"https:\/\/ibr.bs.katowice.pl\/index.php?rest_route=%2Fwp%2Fv2%2Fmedia&parent=2364"}],"wp:term":[{"taxonomy":"category","embeddable":true,"href":"https:\/\/ibr.bs.katowice.pl\/index.php?rest_route=%2Fwp%2Fv2%2Fcategories&post=2364"},{"taxonomy":"post_tag","embeddable":true,"href":"https:\/\/ibr.bs.katowice.pl\/index.php?rest_route=%2Fwp%2Fv2%2Ftags&post=2364"}],"curies":[{"name":"wp","href":"https:\/\/api.w.org\/{rel}","templated":true}]}}