{"id":1832,"date":"2016-10-05T08:27:51","date_gmt":"2016-10-05T08:27:51","guid":{"rendered":"http:\/\/ibr.bs.katowice.pl\/?p=1832"},"modified":"2017-04-26T07:58:32","modified_gmt":"2017-04-26T07:58:32","slug":"otwarcie-platformy-cyfrowej-edus","status":"publish","type":"post","link":"https:\/\/ibr.bs.katowice.pl\/?p=1832","title":{"rendered":"Otwarcie\u00a0Platformy Cyfrowej Edu\u015b"},"content":{"rendered":"<p style=\"text-align: justify;\"><img loading=\"lazy\" decoding=\"async\" class=\"alignleft wp-image-1743\" src=\"https:\/\/ibr.bs.katowice.pl\/wp-content\/uploads\/2016\/02\/12204493_1102444113114097_563738880_o-222x300.jpg\" alt=\"12204493_1102444113114097_563738880_o\" width=\"111\" height=\"150\" srcset=\"https:\/\/ibr.bs.katowice.pl\/wp-content\/uploads\/2016\/02\/12204493_1102444113114097_563738880_o-222x300.jpg 222w, https:\/\/ibr.bs.katowice.pl\/wp-content\/uploads\/2016\/02\/12204493_1102444113114097_563738880_o-768x1038.jpg 768w, https:\/\/ibr.bs.katowice.pl\/wp-content\/uploads\/2016\/02\/12204493_1102444113114097_563738880_o-758x1024.jpg 758w, https:\/\/ibr.bs.katowice.pl\/wp-content\/uploads\/2016\/02\/12204493_1102444113114097_563738880_o-600x811.jpg 600w, https:\/\/ibr.bs.katowice.pl\/wp-content\/uploads\/2016\/02\/12204493_1102444113114097_563738880_o.jpg 1515w\" sizes=\"auto, (max-width: 111px) 100vw, 111px\" \/>Biblioteka \u015al\u0105ska w Katowicach ma zaszczyt zaprosi\u0107 na oficjalne otwarcie Platformy Cyfrowej: Edukacja Regionalna Wojew\u00f3dztwo \u015al\u0105skie Przyroda, Kultura, Spo\u0142ecze\u0144stwo (Edu\u015b).<\/p>\n<p style=\"text-align: justify;\">Instytut Bada\u0144 Regionalnych Biblioteki \u015al\u0105skiej zako\u0144czy\u0142 prac\u0119 nad tym projektem i 13 pa\u017adziernika 2016 roku o godzinie 10, odb\u0119dzie si\u0119 prezentacja Platformy Cyfrowej w gmachu g\u0142\u00f3wnym Biblioteki \u015al\u0105skiej (Katowice, Plac Rady Europy 1, sala Parnassos).<\/p>\n<p style=\"text-align: justify;\">Zapraszamy na spotkanie, na kt\u00f3rym zostan\u0105 przedstawione szczeg\u00f3\u0142y projektu oraz mo\u017cliwo\u015bci wykorzystania Platformy Cyfrowej w edukacji szkolnej.<\/p>\n","protected":false},"excerpt":{"rendered":"<p>Biblioteka \u015al\u0105ska w Katowicach ma zaszczyt zaprosi\u0107 na oficjalne otwarcie Platformy Cyfrowej: Edukacja Regionalna Wojew\u00f3dztwo \u015al\u0105skie Przyroda, Kultura, Spo\u0142ecze\u0144stwo (Edu\u015b). Instytut Bada\u0144 Regionalnych Biblioteki \u015al\u0105skiej zako\u0144czy\u0142 prac\u0119 nad tym projektem i 13 pa\u017adziernika 2016 roku o godzinie 10, odb\u0119dzie si\u0119 prezentacja Platformy Cyfrowej w gmachu g\u0142\u00f3wnym Biblioteki \u015al\u0105skiej (Katowice, Plac Rady Europy 1, sala Parnassos).<\/p>\n<div class=\"read-more-wrapper\"><a class=\"read-more\" href=\"https:\/\/ibr.bs.katowice.pl\/?p=1832\" title=\"Read More\"> <span class=\"button \">Read More<\/span><\/a><\/div>\n","protected":false},"author":2,"featured_media":1743,"comment_status":"closed","ping_status":"open","sticky":false,"template":"","format":"standard","meta":{"footnotes":""},"categories":[1,45],"tags":[],"class_list":["post-1832","post","type-post","status-publish","format-standard","has-post-thumbnail","hentry","category-aktu","category-edus"],"_links":{"self":[{"href":"https:\/\/ibr.bs.katowice.pl\/index.php?rest_route=\/wp\/v2\/posts\/1832","targetHints":{"allow":["GET"]}}],"collection":[{"href":"https:\/\/ibr.bs.katowice.pl\/index.php?rest_route=\/wp\/v2\/posts"}],"about":[{"href":"https:\/\/ibr.bs.katowice.pl\/index.php?rest_route=\/wp\/v2\/types\/post"}],"author":[{"embeddable":true,"href":"https:\/\/ibr.bs.katowice.pl\/index.php?rest_route=\/wp\/v2\/users\/2"}],"replies":[{"embeddable":true,"href":"https:\/\/ibr.bs.katowice.pl\/index.php?rest_route=%2Fwp%2Fv2%2Fcomments&post=1832"}],"version-history":[{"count":0,"href":"https:\/\/ibr.bs.katowice.pl\/index.php?rest_route=\/wp\/v2\/posts\/1832\/revisions"}],"wp:featuredmedia":[{"embeddable":true,"href":"https:\/\/ibr.bs.katowice.pl\/index.php?rest_route=\/wp\/v2\/media\/1743"}],"wp:attachment":[{"href":"https:\/\/ibr.bs.katowice.pl\/index.php?rest_route=%2Fwp%2Fv2%2Fmedia&parent=1832"}],"wp:term":[{"taxonomy":"category","embeddable":true,"href":"https:\/\/ibr.bs.katowice.pl\/index.php?rest_route=%2Fwp%2Fv2%2Fcategories&post=1832"},{"taxonomy":"post_tag","embeddable":true,"href":"https:\/\/ibr.bs.katowice.pl\/index.php?rest_route=%2Fwp%2Fv2%2Ftags&post=1832"}],"curies":[{"name":"wp","href":"https:\/\/api.w.org\/{rel}","templated":true}]}}