{"id":1716,"date":"2015-12-02T13:00:57","date_gmt":"2015-12-02T13:00:57","guid":{"rendered":"http:\/\/ibr.bs.katowice.pl\/?p=1716"},"modified":"2015-12-10T07:12:57","modified_gmt":"2015-12-10T07:12:57","slug":"konferencja-oni-tworzyli-obraz-gornego-slaska","status":"publish","type":"post","link":"https:\/\/ibr.bs.katowice.pl\/?p=1716","title":{"rendered":"Konferencja Oni tworzyli obraz G\u00f3rnego \u015al\u0105ska"},"content":{"rendered":"<div id=\"attachment_1720\" style=\"width: 229px\" class=\"wp-caption alignleft\"><a href=\"https:\/\/ibr.bs.katowice.pl\/wp-content\/uploads\/2015\/12\/Plakat-Oni2.jpg\"><img loading=\"lazy\" decoding=\"async\" aria-describedby=\"caption-attachment-1720\" class=\"size-medium wp-image-1720\" src=\"https:\/\/ibr.bs.katowice.pl\/wp-content\/uploads\/2015\/12\/Plakat-Oni2-219x300.jpg\" alt=\"Oni\" width=\"219\" height=\"300\" longdesc=\"https:\/\/ibr.bs.katowice.pl?longdesc=1720&amp;referrer=1716\" srcset=\"https:\/\/ibr.bs.katowice.pl\/wp-content\/uploads\/2015\/12\/Plakat-Oni2-219x300.jpg 219w, https:\/\/ibr.bs.katowice.pl\/wp-content\/uploads\/2015\/12\/Plakat-Oni2-746x1024.jpg 746w, https:\/\/ibr.bs.katowice.pl\/wp-content\/uploads\/2015\/12\/Plakat-Oni2-600x824.jpg 600w\" sizes=\"auto, (max-width: 219px) 100vw, 219px\" \/><\/a><p id=\"caption-attachment-1720\" class=\"wp-caption-text\"><a id=\"longdesc-return-1720\"><\/a> Oni tworzyli obraz&#8230; Program<\/p><\/div>\n<p style=\"text-align: justify;\">Instytut Bada\u0144 Regionalnych wraz z Stowarzyszeniem Humanistycznym Europa, \u015al\u0105sk, \u015awiat Najmniejszy oraz Archiwum Pa\u0144stwowe podj\u0119\u0142y inicjatyw\u0119 organizacji cyklu konferencji po\u015bwi\u0119conych osobom, kt\u00f3re swoj\u0105 dzia\u0142alno\u015bci\u0105 wp\u0142yn\u0119\u0142y na histori\u0119, kultur\u0119 i nauk\u0119 na G\u00f3rnym \u015al\u0105sku. 3 grudnia 2012 roku mia\u0142a miejsce pierwsza ods\u0142ona cyklu, konferencja <em>Oni decydowali na G\u00f3rnym \u015al\u0105sku w XX wieku<\/em>, kt\u00f3ra przybli\u017ca\u0142a sylwetki os\u00f3b maj\u0105cych nie tylko wp\u0142ywy polityczne, ale r\u00f3wnie\u017c posiadaj\u0105ce wp\u0142yw duchowy na\u00a0losy G\u00f3rno\u015bl\u0105zak\u00f3w i\u00a0G\u00f3rnego \u015al\u0105ska w\u00a0XX wieku.<\/p>\n<p style=\"text-align: justify;\">16 grudnia 2015 roku b\u0119dzie mia\u0142a miejsce druga ods\u0142ona cyklu, tym razem po\u015bwi\u0119cona osobom, kt\u00f3rych dzia\u0142alno\u015b\u0107 publicystyczna wp\u0142yn\u0119\u0142a na G\u00f3rny \u015al\u0105sk w XX wieku. Celem jest przybli\u017cenie postaci znanych i zapomnianych, kt\u00f3rzy ze swojego pi\u00f3ra uczynili or\u0119\u017c, walcz\u0105c o wa\u017cne dla nich idee. Ponownie artyku\u0142y zebrane w ramach konferencji, zostan\u0105 wydane w publikacji, kt\u00f3ra jednocze\u015bnie b\u0119dzie drugim tomem cyklu <em>Oni<\/em>.<\/p>\n<p style=\"text-align: justify;\">Projekt obj\u0119ty jest mecenatem Miasta Katowice.<\/p>\n","protected":false},"excerpt":{"rendered":"<p>Instytut Bada\u0144 Regionalnych wraz z Stowarzyszeniem Humanistycznym Europa, \u015al\u0105sk, \u015awiat Najmniejszy oraz Archiwum Pa\u0144stwowe podj\u0119\u0142y inicjatyw\u0119 organizacji cyklu konferencji po\u015bwi\u0119conych osobom, kt\u00f3re swoj\u0105 dzia\u0142alno\u015bci\u0105 wp\u0142yn\u0119\u0142y na histori\u0119, kultur\u0119 i nauk\u0119 na G\u00f3rnym \u015al\u0105sku. 3 grudnia 2012 roku mia\u0142a miejsce pierwsza ods\u0142ona cyklu, konferencja Oni decydowali na G\u00f3rnym \u015al\u0105sku w XX wieku, kt\u00f3ra przybli\u017ca\u0142a sylwetki os\u00f3b<\/p>\n<div class=\"read-more-wrapper\"><a class=\"read-more\" href=\"https:\/\/ibr.bs.katowice.pl\/?p=1716\" title=\"Read More\"> <span class=\"button \">Read More<\/span><\/a><\/div>\n","protected":false},"author":2,"featured_media":1718,"comment_status":"closed","ping_status":"open","sticky":false,"template":"","format":"standard","meta":{"footnotes":""},"categories":[1],"tags":[],"class_list":["post-1716","post","type-post","status-publish","format-standard","has-post-thumbnail","hentry","category-aktu"],"_links":{"self":[{"href":"https:\/\/ibr.bs.katowice.pl\/index.php?rest_route=\/wp\/v2\/posts\/1716","targetHints":{"allow":["GET"]}}],"collection":[{"href":"https:\/\/ibr.bs.katowice.pl\/index.php?rest_route=\/wp\/v2\/posts"}],"about":[{"href":"https:\/\/ibr.bs.katowice.pl\/index.php?rest_route=\/wp\/v2\/types\/post"}],"author":[{"embeddable":true,"href":"https:\/\/ibr.bs.katowice.pl\/index.php?rest_route=\/wp\/v2\/users\/2"}],"replies":[{"embeddable":true,"href":"https:\/\/ibr.bs.katowice.pl\/index.php?rest_route=%2Fwp%2Fv2%2Fcomments&post=1716"}],"version-history":[{"count":0,"href":"https:\/\/ibr.bs.katowice.pl\/index.php?rest_route=\/wp\/v2\/posts\/1716\/revisions"}],"wp:featuredmedia":[{"embeddable":true,"href":"https:\/\/ibr.bs.katowice.pl\/index.php?rest_route=\/wp\/v2\/media\/1718"}],"wp:attachment":[{"href":"https:\/\/ibr.bs.katowice.pl\/index.php?rest_route=%2Fwp%2Fv2%2Fmedia&parent=1716"}],"wp:term":[{"taxonomy":"category","embeddable":true,"href":"https:\/\/ibr.bs.katowice.pl\/index.php?rest_route=%2Fwp%2Fv2%2Fcategories&post=1716"},{"taxonomy":"post_tag","embeddable":true,"href":"https:\/\/ibr.bs.katowice.pl\/index.php?rest_route=%2Fwp%2Fv2%2Ftags&post=1716"}],"curies":[{"name":"wp","href":"https:\/\/api.w.org\/{rel}","templated":true}]}}