{"id":1676,"date":"2015-08-03T07:41:51","date_gmt":"2015-08-03T05:41:51","guid":{"rendered":"http:\/\/ibr.bs.katowice.pl\/?p=1676"},"modified":"2023-02-16T11:40:26","modified_gmt":"2023-02-16T10:40:26","slug":"zaranie-slaskie-seria-druga-3","status":"publish","type":"post","link":"https:\/\/ibr.bs.katowice.pl\/?p=1676","title":{"rendered":"Pierwszy numer &#8211; Zaranie \u015al\u0105skie. Seria druga"},"content":{"rendered":"\n<h2 class=\"wp-block-heading\">Rocznik 1 (2015)<\/h2>\n\n\n\n<p>ISSN 0044-183X<\/p>\n\n\n\n<p>Instytut Bada\u0144 Regionalnych Biblioteki \u015al\u0105skiej wznawia wydawane od 1907 roku \u201eZaranie \u015al\u0105skie\u201d. Wype\u0142niaj\u0105c luk\u0119 na rynku wydawniczym, interdyscyplinarne czasopismo naukowe pod zmodyfikowanym tytu\u0142em \u201eZaranie \u015al\u0105skie. Seria Druga\u201d b\u0119dzie si\u0119 ukazywa\u0142o jako p\u00f3\u0142rocznik. Cz\u0119\u015b\u0107 numer\u00f3w, o charakterze monograficznym, zostanie po\u015bwi\u0119cona tematowi przewodniemu, w pozosta\u0142ych b\u0119d\u0105 gromadzone artyku\u0142y naukowe, komunikaty oraz recenzje zwi\u0105zane z wojew\u00f3dztwem \u015bl\u0105skim, z zakresu nauk humanistycznych i spo\u0142ecznych.<\/p>\n\n\n\n<p class=\"has-text-color\" style=\"color:#0682ca\"><strong>Ca\u0142y numer PDF<\/strong><\/p>\n\n\n\n<p class=\"has-vivid-cyan-blue-color has-text-color\">Spis tre\u015bci<\/p>\n\n\n\n<p><a href=\"https:\/\/ibr.bs.katowice.pl\/wp-content\/uploads\/2023\/02\/Zaranie-Slaskie-2015-1-Otwierajacy-rozdzial.pdf\">Jan Malicki, <em>Otwieraj\u0105c nowy rozdzia\u0142<\/em><\/a><\/p>\n\n\n\n<p><em><a href=\"https:\/\/ibr.bs.katowice.pl\/wp-content\/uploads\/2023\/02\/Zaranie-Slaskie.-Seria-druga-2015-R1-R.-Kaczmarek-broszura.pdf\">S\u0142owo od Redakcji<\/a><\/em><\/p>\n\n\n\n<p><a href=\"https:\/\/ibr.bs.katowice.pl\/wp-content\/uploads\/2023\/02\/Zaranie-Slaskie.-Seria-druga-2015-R1-R.-Kaczmarek-broszura.pdf\">Ryszard Kaczmarek, <em>G\u00f3rny \u015al\u0105sk na skrzy\u017cowaniu polskiej, niemieckiej i czeskiej tradycji historycznej<\/em><\/a><\/p>\n\n\n\n<p><a href=\"https:\/\/ibr.bs.katowice.pl\/wp-content\/uploads\/2023\/02\/Zaranie-Slaskie.-Seria-druga-2015-R1-M.-Kasprowska-Jarczyk.pdf\">Marta Kasprowska-Jarczyk, <em>Mi\u0119dzy Cieszynem a Katowicami. Dzieje \u201eZarania \u015al\u0105skiego\u201d w latach 1907\u20131939<\/em><\/a><\/p>\n\n\n\n<p><a href=\"https:\/\/ibr.bs.katowice.pl\/wp-content\/uploads\/2023\/02\/Zaranie-Slaskie.-Seria-druga-2015-R1-A.-Kubica.pdf\">Anna Kubica, <em>Historia Instytutu \u015al\u0105skiego w Katowicach 1934\u20131949<\/em><\/a><\/p>\n\n\n\n<p><a href=\"https:\/\/ibr.bs.katowice.pl\/wp-content\/uploads\/2023\/02\/Zaranie-Slaskie.-Seria-druga-2015-R1-M.-Fic_compressed.pdf\">Maciej Fic, <em>35 lat bada\u0144 humanistycznych na G\u00f3rnym \u015al\u0105sku. \u015al\u0105ski Instytut Naukowy im. Jacka Koraszewskiego w Katowicach (1957\u20131992)<\/em><\/a><\/p>\n\n\n\n<p><a href=\"https:\/\/ibr.bs.katowice.pl\/wp-content\/uploads\/2023\/02\/Zaranie-Slaskie.-Seria-druga-2015-R1-R.-Kaczmarek-2.pdf\">Ryszard Kaczmarek, <em>Instytut Bada\u0144 Regionalnych Biblioteki \u015al\u0105skiej. Kr\u00f3tka historia i plany na przysz\u0142o\u015b\u0107<\/em><\/a><\/p>\n\n\n\n<p><a href=\"https:\/\/ibr.bs.katowice.pl\/wp-content\/uploads\/2023\/02\/Zaranie-Slaskie.-Seria-druga-2015-R1-T.-Roszkowska.pdf\">Teresa Roszkowska, <em>Wspomnienie o Mistrzu<\/em> <\/a><\/p>\n\n\n\n<p>Agnieszka Magiera, Anita Tomanek, <em>Pi\u015bmiennictwo o \u015al\u0105sku w wyborze (2012)<\/em><\/p>\n","protected":false},"excerpt":{"rendered":"<p>Rocznik 1 (2015) ISSN 0044-183X Instytut Bada\u0144 Regionalnych Biblioteki \u015al\u0105skiej wznawia wydawane od 1907 roku \u201eZaranie \u015al\u0105skie\u201d. Wype\u0142niaj\u0105c luk\u0119 na rynku wydawniczym, interdyscyplinarne czasopismo naukowe pod zmodyfikowanym tytu\u0142em \u201eZaranie \u015al\u0105skie. Seria Druga\u201d b\u0119dzie si\u0119 ukazywa\u0142o jako p\u00f3\u0142rocznik. Cz\u0119\u015b\u0107 numer\u00f3w, o charakterze monograficznym, zostanie po\u015bwi\u0119cona tematowi przewodniemu, w pozosta\u0142ych b\u0119d\u0105 gromadzone artyku\u0142y naukowe, komunikaty oraz recenzje<\/p>\n<div class=\"read-more-wrapper\"><a class=\"read-more\" href=\"https:\/\/ibr.bs.katowice.pl\/?p=1676\" title=\"Read More\"> <span class=\"button \">Read More<\/span><\/a><\/div>\n","protected":false},"author":2,"featured_media":1675,"comment_status":"closed","ping_status":"open","sticky":false,"template":"","format":"standard","meta":{"footnotes":""},"categories":[1,66,54],"tags":[],"class_list":["post-1676","post","type-post","status-publish","format-standard","has-post-thumbnail","hentry","category-aktu","category-numery-archiwalne","category-zaranie"],"_links":{"self":[{"href":"https:\/\/ibr.bs.katowice.pl\/index.php?rest_route=\/wp\/v2\/posts\/1676","targetHints":{"allow":["GET"]}}],"collection":[{"href":"https:\/\/ibr.bs.katowice.pl\/index.php?rest_route=\/wp\/v2\/posts"}],"about":[{"href":"https:\/\/ibr.bs.katowice.pl\/index.php?rest_route=\/wp\/v2\/types\/post"}],"author":[{"embeddable":true,"href":"https:\/\/ibr.bs.katowice.pl\/index.php?rest_route=\/wp\/v2\/users\/2"}],"replies":[{"embeddable":true,"href":"https:\/\/ibr.bs.katowice.pl\/index.php?rest_route=%2Fwp%2Fv2%2Fcomments&post=1676"}],"version-history":[{"count":8,"href":"https:\/\/ibr.bs.katowice.pl\/index.php?rest_route=\/wp\/v2\/posts\/1676\/revisions"}],"predecessor-version":[{"id":3687,"href":"https:\/\/ibr.bs.katowice.pl\/index.php?rest_route=\/wp\/v2\/posts\/1676\/revisions\/3687"}],"wp:featuredmedia":[{"embeddable":true,"href":"https:\/\/ibr.bs.katowice.pl\/index.php?rest_route=\/wp\/v2\/media\/1675"}],"wp:attachment":[{"href":"https:\/\/ibr.bs.katowice.pl\/index.php?rest_route=%2Fwp%2Fv2%2Fmedia&parent=1676"}],"wp:term":[{"taxonomy":"category","embeddable":true,"href":"https:\/\/ibr.bs.katowice.pl\/index.php?rest_route=%2Fwp%2Fv2%2Fcategories&post=1676"},{"taxonomy":"post_tag","embeddable":true,"href":"https:\/\/ibr.bs.katowice.pl\/index.php?rest_route=%2Fwp%2Fv2%2Ftags&post=1676"}],"curies":[{"name":"wp","href":"https:\/\/api.w.org\/{rel}","templated":true}]}}