{"id":1495,"date":"2014-12-05T07:51:38","date_gmt":"2014-12-05T07:51:38","guid":{"rendered":"http:\/\/ibr.bs.katowice.pl\/?p=1495"},"modified":"2017-04-26T08:00:44","modified_gmt":"2017-04-26T08:00:44","slug":"ii-sesja-sejmiku-wojewodztwa-slaskiego-w-bibliotece-slaskiej","status":"publish","type":"post","link":"https:\/\/ibr.bs.katowice.pl\/?p=1495","title":{"rendered":"Otwarcie Encyklopedii Wojew\u00f3dztwa \u015al\u0105skiego w czasie II Sesji Sejmiku Wojew\u00f3dztwa \u015al\u0105skiego w Bibliotece \u015al\u0105skiej"},"content":{"rendered":"<p style=\"text-align: justify;\"><a title=\"EWo\u015a\" href=\"http:\/\/ibrbs.pl\/mediawiki\/index.php\/Strona_g%C5%82%C3%B3wna\"><img loading=\"lazy\" decoding=\"async\" class=\"alignleft wp-image-783 size-medium\" src=\"https:\/\/ibr.bs.katowice.pl\/wp-content\/uploads\/2012\/05\/ewos_color-300x218.jpg\" alt=\"ewos_color\" width=\"300\" height=\"218\" srcset=\"https:\/\/ibr.bs.katowice.pl\/wp-content\/uploads\/2012\/05\/ewos_color-300x218.jpg 300w, https:\/\/ibr.bs.katowice.pl\/wp-content\/uploads\/2012\/05\/ewos_color-1024x745.jpg 1024w, https:\/\/ibr.bs.katowice.pl\/wp-content\/uploads\/2012\/05\/ewos_color-600x437.jpg 600w\" sizes=\"auto, (max-width: 300px) 100vw, 300px\" \/><\/a>II Sesja Sejmiku Wojew\u00f3dztwa \u015al\u0105skiego odb\u0119dzie si\u0119 8 grudnia 2014 roku o godz. 11.00 w Bibliotece \u015al\u0105skiej w sali Parnassos. Podczas sesji zaplanowano otwarcie Encyklopedii Wojew\u00f3dztwa \u015al\u0105skiego.<\/p>\n<p style=\"text-align: justify;\">Radni sejmiku i zgromadzeni go\u015bcie zapoznaj\u0105 si\u0119 z projektem Instytutu Bada\u0144 Regionalnych Biblioteki \u015al\u0105skiej \u2013 Encyklopedi\u0105 Wojew\u00f3dztwa \u015al\u0105skiego (EWo\u015a).<\/p>\n<p style=\"text-align: justify;\">To wieloletni program interdyscyplinarny, rozpocz\u0119ty w 2013 roku, maj\u0105cy zapocz\u0105tkowa\u0107 zbudowanie pe\u0142nej, nowoczesnej Encyklopedii Wojew\u00f3dztwa \u015al\u0105skiego, rozumianej nie tylko jako zbi\u00f3r hase\u0142 przedmiotowych, ale tak\u017ce wyb\u00f3r \u0142atwo dost\u0119pnych materia\u0142\u00f3w \u017ar\u00f3d\u0142owych, g\u0142\u00f3wnie z zasobu \u015al\u0105skiej Biblioteki Cyfrowej. Encyklopedia obejmuje dziedziny takie jak: historia, geografia, socjologia, politologia, wyznania i religie.<\/p>\n<p style=\"text-align: justify;\">Encyklopedia ma spe\u0142ni\u0107 cztery podstawowe cele:<br \/>\n1. poznawczy \u2013 opracowanie i udost\u0119pnienie stale aktualizowanych danych na temat wojew\u00f3dztwa \u015bl\u0105skiego;<br \/>\n2. integracyjny \u2013 zintegrowanie \u015brodowiska badaczy i dzia\u0142aczy regionalnych z wojew\u00f3dztwa \u015bl\u0105skiego;<br \/>\n3. edukacyjny \u2013 umo\u017cliwienie powszechnego dost\u0119pu do informacji naukowej wszystkim mieszka\u0144com wojew\u00f3dztwa \u015bl\u0105skiego;<br \/>\n4. promocyjny \u2013 stworzenie jednorodnego \u017ar\u00f3d\u0142a informacji o wojew\u00f3dztwie \u015bl\u0105skim dla odbiorc\u00f3w na ca\u0142ym \u015bwiecie.<br \/>\nEWo\u015a r\u00f3\u017cni si\u0119 od dotychczas istniej\u0105cych portali sieciowych tego typu sposobem opracowania hase\u0142. Maj\u0105 one charakter autorski i podlegaj\u0105 przed edycj\u0105 ocenie (recenzji naukowej) samodzielnych pracownik\u00f3w nauki. Wyd\u0142u\u017ca to czas ich wprowadzania, ale tylko tak mo\u017cna zapewni\u0107 odpowiedni poziom naukowy prezentowanych materia\u0142\u00f3w. W roku 2014 prowadzono wy\u0142\u0105cznie prace edycyjne z powodu wstrzymania finansowania nowych hase\u0142 przedmiotowych.<\/p>\n<p style=\"text-align: justify;\">\n","protected":false},"excerpt":{"rendered":"<p>II Sesja Sejmiku Wojew\u00f3dztwa \u015al\u0105skiego odb\u0119dzie si\u0119 8 grudnia 2014 roku o godz. 11.00 w Bibliotece \u015al\u0105skiej w sali Parnassos. Podczas sesji zaplanowano otwarcie Encyklopedii Wojew\u00f3dztwa \u015al\u0105skiego. Radni sejmiku i zgromadzeni go\u015bcie zapoznaj\u0105 si\u0119 z projektem Instytutu Bada\u0144 Regionalnych Biblioteki \u015al\u0105skiej \u2013 Encyklopedi\u0105 Wojew\u00f3dztwa \u015al\u0105skiego (EWo\u015a). To wieloletni program interdyscyplinarny, rozpocz\u0119ty w 2013 roku, maj\u0105cy<\/p>\n<div class=\"read-more-wrapper\"><a class=\"read-more\" href=\"https:\/\/ibr.bs.katowice.pl\/?p=1495\" title=\"Read More\"> <span class=\"button \">Read More<\/span><\/a><\/div>\n","protected":false},"author":2,"featured_media":0,"comment_status":"closed","ping_status":"open","sticky":false,"template":"","format":"standard","meta":{"footnotes":""},"categories":[1,46],"tags":[],"class_list":["post-1495","post","type-post","status-publish","format-standard","hentry","category-aktu","category-ews"],"_links":{"self":[{"href":"https:\/\/ibr.bs.katowice.pl\/index.php?rest_route=\/wp\/v2\/posts\/1495","targetHints":{"allow":["GET"]}}],"collection":[{"href":"https:\/\/ibr.bs.katowice.pl\/index.php?rest_route=\/wp\/v2\/posts"}],"about":[{"href":"https:\/\/ibr.bs.katowice.pl\/index.php?rest_route=\/wp\/v2\/types\/post"}],"author":[{"embeddable":true,"href":"https:\/\/ibr.bs.katowice.pl\/index.php?rest_route=\/wp\/v2\/users\/2"}],"replies":[{"embeddable":true,"href":"https:\/\/ibr.bs.katowice.pl\/index.php?rest_route=%2Fwp%2Fv2%2Fcomments&post=1495"}],"version-history":[{"count":0,"href":"https:\/\/ibr.bs.katowice.pl\/index.php?rest_route=\/wp\/v2\/posts\/1495\/revisions"}],"wp:attachment":[{"href":"https:\/\/ibr.bs.katowice.pl\/index.php?rest_route=%2Fwp%2Fv2%2Fmedia&parent=1495"}],"wp:term":[{"taxonomy":"category","embeddable":true,"href":"https:\/\/ibr.bs.katowice.pl\/index.php?rest_route=%2Fwp%2Fv2%2Fcategories&post=1495"},{"taxonomy":"post_tag","embeddable":true,"href":"https:\/\/ibr.bs.katowice.pl\/index.php?rest_route=%2Fwp%2Fv2%2Ftags&post=1495"}],"curies":[{"name":"wp","href":"https:\/\/api.w.org\/{rel}","templated":true}]}}