{"id":1448,"date":"2014-09-17T06:45:33","date_gmt":"2014-09-17T06:45:33","guid":{"rendered":"http:\/\/ibr.bs.katowice.pl\/?p=1448"},"modified":"2014-09-17T06:45:33","modified_gmt":"2014-09-17T06:45:33","slug":"konferencja-historyczna-miejsca-czasy-ludzie-historia-piekar-slaskich","status":"publish","type":"post","link":"https:\/\/ibr.bs.katowice.pl\/?p=1448","title":{"rendered":"Konferencja historyczna. &#8222;Miejsca, czasy, ludzie &#8211; historia Piekar \u015al\u0105skich&#8221;"},"content":{"rendered":"<div class=\"zajawka\">\n<div id=\"attachment_1449\" style=\"width: 209px\" class=\"wp-caption alignleft\"><a class=\"http:\/\/www.piekary.pl\/pl\/10\/1409813028\/2\" href=\"http:\/\/www.piekary.pl\/pl\/10\/1409813028\/2\" target=\"_blank\"><img loading=\"lazy\" decoding=\"async\" aria-describedby=\"caption-attachment-1449\" class=\"wp-image-1449 size-medium\" src=\"https:\/\/ibr.bs.katowice.pl\/wp-content\/uploads\/2014\/09\/konferencja-199x300.jpg\" alt=\"konferencja\" width=\"199\" height=\"300\" srcset=\"https:\/\/ibr.bs.katowice.pl\/wp-content\/uploads\/2014\/09\/konferencja-199x300.jpg 199w, https:\/\/ibr.bs.katowice.pl\/wp-content\/uploads\/2014\/09\/konferencja-600x901.jpg 600w, https:\/\/ibr.bs.katowice.pl\/wp-content\/uploads\/2014\/09\/konferencja.jpg 639w\" sizes=\"auto, (max-width: 199px) 100vw, 199px\" \/><\/a><p id=\"caption-attachment-1449\" class=\"wp-caption-text\">Miejsca, czasy, ludzie &#8211; historia Piekar \u015al\u0105skich<\/p><\/div>\n<p><strong>Studenckie Ko\u0142o Naukowe Historyk\u00f3w przy Uniwersytecie \u015al\u0105skim wsp\u00f3lnie z Miejsk\u0105 Bibliotek\u0105 Publiczn\u0105 w Piekarach \u015al\u0105skich organizuje konferencj\u0119 historyczn\u0105 pt. &#8222;Miejsca, czasy, ludzie &#8211; historia Piekar \u015al\u0105skich&#8221;. Wydarzenie odb\u0119dzie si\u0119 17 wrze\u015bnia o godzinie 16:00 w Miejskiej Bibliotece Publicznej przy Kalwaryjskiej 62D. Konferencja ma na celu popularyzacj\u0119 historii oraz tradycji miasta Piekary \u015al\u0105skie.<\/strong><\/p>\n<\/div>\n<div class=\"tresc\">\n<p>W programie znalaz\u0142o si\u0119 siedem referat\u00f3w autorstwa historyk\u00f3w lub os\u00f3b zajmuj\u0105cych si\u0119 histori\u0105 Piekar spo\u0142ecznie. Us\u0142ysze\u0107 b\u0119dzie mo\u017cna m.in. o niepospolitej piekarskiej rodzinie Kuba\u0144skich, o historii Kalwarii, pocz\u0105tkach Piekar w \u015bwietle dokumentu z 1136 roku. B\u0119dzie te\u017c mowa o fortyfikacjach warownych i o rozwoju kultury fizycznej w Piekarach. Referenci przypomn\u0105 posta\u0107 b\u0142. ksi\u0119dza J\u00f3zefa Czempiela i opowiedz\u0105 o przydro\u017cnych krzy\u017cach &#8211; niemych \u015bwiadkach historii naszego miasta.<\/p>\n<p>Program konferencji:<\/p>\n<p>16.00 &#8211; 16.20 Uroczyste otwarcie konferencji<\/p>\n<p>16:20 &#8211; 16:40 Wprowadzenie do konferencji prof. zw. dr hab. Ryszarda Kaczmarka<\/p>\n<p>16:40 &#8211; 16:55 Leon Wostal, Silius Radicum &#8211; G\u00f3rno\u015bl\u0105skie Towarzystwo Genealogiczne &#8211; &#8222;Nie tylko &#8222;Piekarnik&#8221; &#8211; niepospolita piekarska rodzina Kuba\u0144skich&#8221;<\/p>\n<p>16:55 &#8211; 17:10 Sabina Lis, Uniwersytet \u015al\u0105ski w Katowicach, historia &#8211; &#8222;Kalwaria od za\u0142o\u017cenia do czas\u00f3w wsp\u00f3\u0142czesnych&#8221;<\/p>\n<p>17:10 &#8211; 17:25 Karol Chwastek, Uniwersytet \u015al\u0105ski w Katowicach, historia &#8211; &#8222;Pocz\u0105tki Piekar w \u015bwietle dokumentu z 1136 roku&#8221;<\/p>\n<p>17:25 &#8211; 17:40 Micha\u0142 Muszalik, Uniwersytet \u015al\u0105ski w Katowicach, prawo &#8211; &#8222;Fortyfikacje obszaru warownego \u015al\u0105sk w Piekarach \u015al\u0105skich&#8221;<\/p>\n<p>17:40 &#8211; 17:55 Adam Fryc, Zasadnicza Szko\u0142a Zawodowa im. Stanis\u0142awa Ligonia w Piekarach \u015al\u0105skich &#8211; &#8222;Rozw\u00f3j kultury fizycznej na obszarze Piekar \u015al\u0105skich (zarys problematyki)&#8221;<\/p>\n<p>17:55 &#8211; 18:10 Joanna Grajewska-Wr\u00f3bel, Zesp\u00f3\u0142 Szk\u00f3\u0142 Katolickich w Piekarach \u015al\u0105skich &#8211; &#8222;Czy \u015bwi\u0119ci byli i s\u0105 w\u015br\u00f3d nas &#8211; b\u0142ogos\u0142awiony ksi\u0105dz J\u00f3zef Czempiel &#8211; \u015al\u0105ski Machabeusz&#8221;<\/p>\n<p>18:10 &#8211; 18:25 Marcin Strzelecki, WiFilms &#8211; &#8222;Krzy\u017ce przydro\u017cne &#8211; niemi \u015bwiadkowie historii naszego miasta&#8221;, projekcja filmu<\/p>\n<p>18:25 &#8211; 18:45 Dyskusja<\/p>\n<p>18:45 &#8211; 19:00 Zako\u0144czenie<\/p>\n<\/div>\n","protected":false},"excerpt":{"rendered":"<p>Studenckie Ko\u0142o Naukowe Historyk\u00f3w przy Uniwersytecie \u015al\u0105skim wsp\u00f3lnie z Miejsk\u0105 Bibliotek\u0105 Publiczn\u0105 w Piekarach \u015al\u0105skich organizuje konferencj\u0119 historyczn\u0105 pt. &#8222;Miejsca, czasy, ludzie &#8211; historia Piekar \u015al\u0105skich&#8221;. Wydarzenie odb\u0119dzie si\u0119 17 wrze\u015bnia o godzinie 16:00 w Miejskiej Bibliotece Publicznej przy Kalwaryjskiej 62D. Konferencja ma na celu popularyzacj\u0119 historii oraz tradycji miasta Piekary \u015al\u0105skie. W programie znalaz\u0142o<\/p>\n<div class=\"read-more-wrapper\"><a class=\"read-more\" href=\"https:\/\/ibr.bs.katowice.pl\/?p=1448\" title=\"Read More\"> <span class=\"button \">Read More<\/span><\/a><\/div>\n","protected":false},"author":2,"featured_media":0,"comment_status":"closed","ping_status":"open","sticky":false,"template":"","format":"standard","meta":{"footnotes":""},"categories":[1],"tags":[],"class_list":["post-1448","post","type-post","status-publish","format-standard","hentry","category-aktu"],"_links":{"self":[{"href":"https:\/\/ibr.bs.katowice.pl\/index.php?rest_route=\/wp\/v2\/posts\/1448","targetHints":{"allow":["GET"]}}],"collection":[{"href":"https:\/\/ibr.bs.katowice.pl\/index.php?rest_route=\/wp\/v2\/posts"}],"about":[{"href":"https:\/\/ibr.bs.katowice.pl\/index.php?rest_route=\/wp\/v2\/types\/post"}],"author":[{"embeddable":true,"href":"https:\/\/ibr.bs.katowice.pl\/index.php?rest_route=\/wp\/v2\/users\/2"}],"replies":[{"embeddable":true,"href":"https:\/\/ibr.bs.katowice.pl\/index.php?rest_route=%2Fwp%2Fv2%2Fcomments&post=1448"}],"version-history":[{"count":0,"href":"https:\/\/ibr.bs.katowice.pl\/index.php?rest_route=\/wp\/v2\/posts\/1448\/revisions"}],"wp:attachment":[{"href":"https:\/\/ibr.bs.katowice.pl\/index.php?rest_route=%2Fwp%2Fv2%2Fmedia&parent=1448"}],"wp:term":[{"taxonomy":"category","embeddable":true,"href":"https:\/\/ibr.bs.katowice.pl\/index.php?rest_route=%2Fwp%2Fv2%2Fcategories&post=1448"},{"taxonomy":"post_tag","embeddable":true,"href":"https:\/\/ibr.bs.katowice.pl\/index.php?rest_route=%2Fwp%2Fv2%2Ftags&post=1448"}],"curies":[{"name":"wp","href":"https:\/\/api.w.org\/{rel}","templated":true}]}}