{"id":1324,"date":"2014-01-31T13:07:48","date_gmt":"2014-01-31T13:07:48","guid":{"rendered":"http:\/\/ibr.bs.katowice.pl\/?p=1324"},"modified":"2014-01-31T13:09:16","modified_gmt":"2014-01-31T13:09:16","slug":"zory","status":"publish","type":"post","link":"https:\/\/ibr.bs.katowice.pl\/?p=1324","title":{"rendered":"\u017bory w dobie panowania Hohenzollern\u00f3w 1742- 1918\/1919"},"content":{"rendered":"<p><a href=\"http:\/\/www.muzeum.zory.pl\/\"><img loading=\"lazy\" decoding=\"async\" class=\"alignleft size-medium wp-image-1325\" alt=\"PLAKAT A3_PODGLAD\" src=\"https:\/\/ibr.bs.katowice.pl\/wp-content\/uploads\/2014\/01\/PLAKAT-A3_PODGLAD-203x300.jpg\" width=\"203\" height=\"300\" srcset=\"https:\/\/ibr.bs.katowice.pl\/wp-content\/uploads\/2014\/01\/PLAKAT-A3_PODGLAD-203x300.jpg 203w, https:\/\/ibr.bs.katowice.pl\/wp-content\/uploads\/2014\/01\/PLAKAT-A3_PODGLAD-693x1024.jpg 693w, https:\/\/ibr.bs.katowice.pl\/wp-content\/uploads\/2014\/01\/PLAKAT-A3_PODGLAD-600x885.jpg 600w, https:\/\/ibr.bs.katowice.pl\/wp-content\/uploads\/2014\/01\/PLAKAT-A3_PODGLAD.jpg 935w\" sizes=\"auto, (max-width: 203px) 100vw, 203px\" \/><\/a><\/p>\n<p>Serdecznie zapraszamy na promocje wydawnictwa\u00a0 Ryszarda Kaczmarka i Jakuba Grudniewskiego &#8222;\u017bory w dobie panowania Hohenzollern\u00f3w 1742- 1918\/1919&#8221; wydanej z okazji 742-lecia za\u0142o\u017cenia Miasta \u017bory.<\/p>\n<p>&nbsp;<\/p>\n<p>Spotkanie promocyjne odb\u0119dzie si\u0119 20 lutego 2014 roku o godz. 16.00 w Sali \u015alub\u00f3w Urz\u0119du Stanu Cywilnego, \u017bory, Rynek 9<\/p>\n<p>&nbsp;<\/p>\n<p>Wydawnictwo mo\u017cna naby\u0107 w Muzeum Miejskim w \u017borach,\u00a0 ul. Dolne Przedmie\u015bcie 1.<\/p>\n","protected":false},"excerpt":{"rendered":"<p>Serdecznie zapraszamy na promocje wydawnictwa\u00a0 Ryszarda Kaczmarka i Jakuba Grudniewskiego &#8222;\u017bory w dobie panowania Hohenzollern\u00f3w 1742- 1918\/1919&#8221; wydanej z okazji 742-lecia za\u0142o\u017cenia Miasta \u017bory. &nbsp; Spotkanie promocyjne odb\u0119dzie si\u0119 20 lutego 2014 roku o godz. 16.00 w Sali \u015alub\u00f3w Urz\u0119du Stanu Cywilnego, \u017bory, Rynek 9 &nbsp; Wydawnictwo mo\u017cna naby\u0107 w Muzeum Miejskim w \u017borach,\u00a0 ul.<\/p>\n<div class=\"read-more-wrapper\"><a class=\"read-more\" href=\"https:\/\/ibr.bs.katowice.pl\/?p=1324\" title=\"Read More\"> <span class=\"button \">Read More<\/span><\/a><\/div>\n","protected":false},"author":2,"featured_media":0,"comment_status":"closed","ping_status":"open","sticky":false,"template":"","format":"standard","meta":{"footnotes":""},"categories":[1],"tags":[],"class_list":["post-1324","post","type-post","status-publish","format-standard","hentry","category-aktu"],"_links":{"self":[{"href":"https:\/\/ibr.bs.katowice.pl\/index.php?rest_route=\/wp\/v2\/posts\/1324","targetHints":{"allow":["GET"]}}],"collection":[{"href":"https:\/\/ibr.bs.katowice.pl\/index.php?rest_route=\/wp\/v2\/posts"}],"about":[{"href":"https:\/\/ibr.bs.katowice.pl\/index.php?rest_route=\/wp\/v2\/types\/post"}],"author":[{"embeddable":true,"href":"https:\/\/ibr.bs.katowice.pl\/index.php?rest_route=\/wp\/v2\/users\/2"}],"replies":[{"embeddable":true,"href":"https:\/\/ibr.bs.katowice.pl\/index.php?rest_route=%2Fwp%2Fv2%2Fcomments&post=1324"}],"version-history":[{"count":0,"href":"https:\/\/ibr.bs.katowice.pl\/index.php?rest_route=\/wp\/v2\/posts\/1324\/revisions"}],"wp:attachment":[{"href":"https:\/\/ibr.bs.katowice.pl\/index.php?rest_route=%2Fwp%2Fv2%2Fmedia&parent=1324"}],"wp:term":[{"taxonomy":"category","embeddable":true,"href":"https:\/\/ibr.bs.katowice.pl\/index.php?rest_route=%2Fwp%2Fv2%2Fcategories&post=1324"},{"taxonomy":"post_tag","embeddable":true,"href":"https:\/\/ibr.bs.katowice.pl\/index.php?rest_route=%2Fwp%2Fv2%2Ftags&post=1324"}],"curies":[{"name":"wp","href":"https:\/\/api.w.org\/{rel}","templated":true}]}}