{"id":1300,"date":"2013-12-20T11:51:53","date_gmt":"2013-12-20T11:51:53","guid":{"rendered":"http:\/\/ibr.bs.katowice.pl\/?p=1300"},"modified":"2019-01-08T13:09:07","modified_gmt":"2019-01-08T13:09:07","slug":"ii-olimpiada-guido-2013-znamy-finalistow","status":"publish","type":"post","link":"https:\/\/ibr.bs.katowice.pl\/?p=1300","title":{"rendered":"II Olimpiada Guido 2013 \u2013 znamy finalist\u00f3w"},"content":{"rendered":"<p style=\"text-align: justify;\"><a href=\"https:\/\/ibr.bs.katowice.pl\/wp-content\/uploads\/2013\/12\/olimpiada_guido_2013_3_20131219_1324641899.jpg\"><img loading=\"lazy\" decoding=\"async\" class=\"alignleft size-medium wp-image-1301\" title=\"Oliwia Moskalik z IV LO w Zabrzu odbiera g\u0142\u00f3wn\u0105 nagrode\" alt=\"olimpiada_guido_2013_3_20131219_1324641899\" src=\"https:\/\/ibr.bs.katowice.pl\/wp-content\/uploads\/2013\/12\/olimpiada_guido_2013_3_20131219_1324641899-300x224.jpg\" width=\"300\" height=\"224\" srcset=\"https:\/\/ibr.bs.katowice.pl\/wp-content\/uploads\/2013\/12\/olimpiada_guido_2013_3_20131219_1324641899-300x224.jpg 300w, https:\/\/ibr.bs.katowice.pl\/wp-content\/uploads\/2013\/12\/olimpiada_guido_2013_3_20131219_1324641899-1024x764.jpg 1024w, https:\/\/ibr.bs.katowice.pl\/wp-content\/uploads\/2013\/12\/olimpiada_guido_2013_3_20131219_1324641899-600x448.jpg 600w\" sizes=\"auto, (max-width: 300px) 100vw, 300px\" \/><\/a><\/p>\n<p style=\"text-align: justify;\"><span style=\"font-size: 10pt;\">W dniu 17 grudnia zako\u0144czy\u0142a si\u0119 II Olimpiada Guido adresowana dla uczni\u00f3w szk\u00f3\u0142 ponadpodstawowych z tematyki dziedzictwo przemys\u0142owe regionu. Olimpiada sk\u0142ada\u0142a si\u0119 z dw\u00f3ch etap\u00f3w. Ca\u0142o\u015b\u0107 zako\u0144czy\u0142a si\u0119 napisaniem testu na wybrany temat. W tym roku tematem przewodnim by\u0142y rody przemys\u0142owc\u00f3w Donnersmarck\u00f3w i Ballestrem\u00f3w i ich wk\u0142ad w budow\u0119 i rozw\u00f3j przemys\u0142u. Poziom trudno\u015bci przygotowanego przez specjalist\u00f3w, historyk\u00f3w testu by\u0142 du\u017cy. Maksymalna ilo\u015b\u0107 punkt\u00f3w jak\u0105 mo\u017cna by\u0142o uzyska\u0107 do 41 punkt\u00f3w.<\/span><\/p>\n<p style=\"text-align: justify;\"><strong><span style=\"text-decoration: underline;\"><span style=\"font-size: 10pt;\">Zwyci\u0119zcami II Olimpiady Guido zostali:<\/span><\/span><\/strong><\/p>\n<p style=\"text-align: justify;\"><span style=\"font-size: 10pt;\"><strong>I miejsce:<\/strong> Oliwia Moskalik z IV LO w Zabrzu, (34,5 punkt\u00f3w)<\/span><br \/>\n<span style=\"font-size: 10pt;\"><strong>II miejsce<\/strong>: Barbara Drewniak z VII LO w Gliwicach (32 punkt\u00f3w)<\/span><br \/>\n<span style=\"font-size: 10pt;\"><strong>III miejsce:<\/strong> Aleksandra G\u0142ady\u015b z I LO w Tychach (31 punkt\u00f3w)<\/span><\/p>\n<p style=\"text-align: justify;\"><span style=\"font-size: 10pt;\">Jury w sk\u0142adzie Prof. dr hab. Ryszard Kaczmarek, Agata Muszy\u0144ska, Adam Fru\u017cy\u0144ski, Marek Smuda i Dariusz Walerja\u0144ski przyzna\u0142o r\u00f3wnie\u017c jedno wyr\u00f3\u017cnienie, kt\u00f3re otrzyma\u0142a Aleksandra Kania (30 punkt\u00f3w). Dla wszystkich uczestnik\u00f3w II etapu olimpiady przygotowano wycieczk\u0119 po podziemiach kopalni.<\/span><\/p>\n<p style=\"text-align: justify;\"><span style=\"font-size: 10pt;\">M\u0105drzy ludzie mawiaj\u0105, \u017ce najwa\u017cniejsz\u0105 zasad\u0105 ka\u017cdej Olimpiady jest nie zwyci\u0119\u017cy\u0107, ale wzi\u0105\u0107 w niej udzia\u0142. Gratulujemy zwyci\u0119zcom ich opiekunom za przygotowanie swych podopiecznych oraz dzi\u0119kujemy wszystkim kt\u00f3rzy wzi\u0119li udzia\u0142 w II Olimpiadzie Guido.<\/span><\/p>\n<p style=\"text-align: justify;\"><strong><span style=\"font-size: 10pt;\">Zapraszamy wszystkich zainteresowanych do wzi\u0119cia udzia\u0142u w III Olimpiadzie Guido w 2014 r.!<\/span><\/strong><\/p>\n<p style=\"text-align: justify;\">Materia\u0142y pochodz\u0105 ze strony <a href=\"http:\/\/www.kopalniaguido.pl\/wiadomosci\/117-niebieski\/1096-ii-olimpiada-guido-2013-znamy-finalistow\">Kopalni Guido w Zabrzu<\/a><\/p>\n","protected":false},"excerpt":{"rendered":"<p>W dniu 17 grudnia zako\u0144czy\u0142a si\u0119 II Olimpiada Guido adresowana dla uczni\u00f3w szk\u00f3\u0142 ponadpodstawowych z tematyki dziedzictwo przemys\u0142owe regionu. Olimpiada sk\u0142ada\u0142a si\u0119 z dw\u00f3ch etap\u00f3w. Ca\u0142o\u015b\u0107 zako\u0144czy\u0142a si\u0119 napisaniem testu na wybrany temat. W tym roku tematem przewodnim by\u0142y rody przemys\u0142owc\u00f3w Donnersmarck\u00f3w i Ballestrem\u00f3w i ich wk\u0142ad w budow\u0119 i rozw\u00f3j przemys\u0142u. Poziom trudno\u015bci przygotowanego<\/p>\n<div class=\"read-more-wrapper\"><a class=\"read-more\" href=\"https:\/\/ibr.bs.katowice.pl\/?p=1300\" title=\"Read More\"> <span class=\"button \">Read More<\/span><\/a><\/div>\n","protected":false},"author":2,"featured_media":0,"comment_status":"closed","ping_status":"open","sticky":false,"template":"","format":"standard","meta":{"footnotes":""},"categories":[1],"tags":[],"class_list":["post-1300","post","type-post","status-publish","format-standard","hentry","category-aktu"],"_links":{"self":[{"href":"https:\/\/ibr.bs.katowice.pl\/index.php?rest_route=\/wp\/v2\/posts\/1300","targetHints":{"allow":["GET"]}}],"collection":[{"href":"https:\/\/ibr.bs.katowice.pl\/index.php?rest_route=\/wp\/v2\/posts"}],"about":[{"href":"https:\/\/ibr.bs.katowice.pl\/index.php?rest_route=\/wp\/v2\/types\/post"}],"author":[{"embeddable":true,"href":"https:\/\/ibr.bs.katowice.pl\/index.php?rest_route=\/wp\/v2\/users\/2"}],"replies":[{"embeddable":true,"href":"https:\/\/ibr.bs.katowice.pl\/index.php?rest_route=%2Fwp%2Fv2%2Fcomments&post=1300"}],"version-history":[{"count":0,"href":"https:\/\/ibr.bs.katowice.pl\/index.php?rest_route=\/wp\/v2\/posts\/1300\/revisions"}],"wp:attachment":[{"href":"https:\/\/ibr.bs.katowice.pl\/index.php?rest_route=%2Fwp%2Fv2%2Fmedia&parent=1300"}],"wp:term":[{"taxonomy":"category","embeddable":true,"href":"https:\/\/ibr.bs.katowice.pl\/index.php?rest_route=%2Fwp%2Fv2%2Fcategories&post=1300"},{"taxonomy":"post_tag","embeddable":true,"href":"https:\/\/ibr.bs.katowice.pl\/index.php?rest_route=%2Fwp%2Fv2%2Ftags&post=1300"}],"curies":[{"name":"wp","href":"https:\/\/api.w.org\/{rel}","templated":true}]}}